{"id":260,"date":"2017-09-26T18:26:22","date_gmt":"2017-09-26T18:26:22","guid":{"rendered":"http:\/\/blog.estilodevidaurbano.com.br\/?p=260"},"modified":"2018-03-02T18:32:48","modified_gmt":"2018-03-02T18:32:48","slug":"batista-campos-belem","status":"publish","type":"post","link":"https:\/\/estilodevidaurbano.com.br\/blog\/batista-campos-belem\/","title":{"rendered":"6 raz\u00f5es que tornam Batista Campos o bairro ideal para viver em Bel\u00e9m"},"content":{"rendered":"<p style=\"text-align: left;\">Com uma excelente localiza\u00e7\u00e3o, a <a href=\"http:\/\/blog.estilodevidaurbano.com.br\/tag\/batista-campos\/\"><b>Batista Campos<\/b><\/a> \u00e9 um dos bairros mais bem estruturados para morar com <b>qualidade de vida<\/b>, <b>seguran\u00e7a<\/b> e <b>conforto<\/b> em Bel\u00e9m. A <b>Batista Campos <\/b>\u00e9 o bairro ideal para quem curte o estilo de vida urbano, e n\u00f3s listamos 6 raz\u00f5es que tornam esse bairro o melhor lugar para a sua vida. Confira:<\/p>\n<h3 style=\"text-align: left;\">1. Batista Campos: Um bairro arborizado<\/h3>\n<p><span style=\"font-weight: 400;\">O verde e toda a sensa\u00e7\u00e3o de <\/span><b>bem-estar<\/b><span style=\"font-weight: 400;\"> que a natureza proporciona s\u00e3o caracter\u00edsticas marcantes em <\/span><b>Batista Campos<\/b><span style=\"font-weight: 400;\">. <\/span><\/p>\n<p><img loading=\"lazy\" decoding=\"async\" class=\"aligncenter size-md wp-image-443\" src=\"http:\/\/blog.estilodevidaurbano.com.br\/wp-content\/uploads\/2017\/09\/batista-campos-2-720x540.jpg\" alt=\"batista-campos-2\" width=\"720\" height=\"540\" srcset=\"https:\/\/estilodevidaurbano.com.br\/blog\/wp-content\/uploads\/2017\/09\/batista-campos-2-720x540.jpg 720w, https:\/\/estilodevidaurbano.com.br\/blog\/wp-content\/uploads\/2017\/09\/batista-campos-2-300x225.jpg 300w, https:\/\/estilodevidaurbano.com.br\/blog\/wp-content\/uploads\/2017\/09\/batista-campos-2-768x576.jpg 768w, https:\/\/estilodevidaurbano.com.br\/blog\/wp-content\/uploads\/2017\/09\/batista-campos-2-1024x768.jpg 1024w, https:\/\/estilodevidaurbano.com.br\/blog\/wp-content\/uploads\/2017\/09\/batista-campos-2.jpg 1280w\" sizes=\"auto, (max-width: 720px) 100vw, 720px\" \/><\/p>\n<p style=\"text-align: left;\"><span style=\"font-weight: 400;\">No bairro, est\u00e1 localizado o <\/span><b>Horto Municipal<\/b><span style=\"font-weight: 400;\">, ponto de refer\u00eancia para quem aprecia a conviv\u00eancia em meio \u00e0 arte, cultura e lazer. Sem falar nas bel\u00edssimas mangueiras, que formam t\u00faneis, d\u00e3o sombra e climatizam as ruas do bairro. <\/span><\/p>\n<h3 style=\"text-align: left;\">2. A Pra\u00e7a Batista Campos<\/h3>\n<p style=\"text-align: left;\"><span style=\"font-weight: 400;\">A <\/span><b>qualidade de vida<\/b><span style=\"font-weight: 400;\"> que o bairro oferece aos seus moradores, proporcionando contato com a natureza, \u00e9 tamb\u00e9m encontrada na pra\u00e7a que leva o nome do bairro. Encantadora, a <\/span><b>Pra\u00e7a Batista Campos<\/b><span style=\"font-weight: 400;\"> est\u00e1 entre as <\/span><b>mais belas pra\u00e7as da Am\u00e9rica do Sul<\/b><span style=\"font-weight: 400;\">!<\/span><\/p>\n<p><img loading=\"lazy\" decoding=\"async\" class=\"aligncenter size-md wp-image-443\" src=\"http:\/\/blog.estilodevidaurbano.com.br\/wp-content\/uploads\/2017\/09\/batista-campos-2-720x540.jpg\" alt=\"batista-campos-2\" width=\"720\" height=\"540\" srcset=\"https:\/\/estilodevidaurbano.com.br\/blog\/wp-content\/uploads\/2017\/09\/batista-campos-2-720x540.jpg 720w, https:\/\/estilodevidaurbano.com.br\/blog\/wp-content\/uploads\/2017\/09\/batista-campos-2-300x225.jpg 300w, https:\/\/estilodevidaurbano.com.br\/blog\/wp-content\/uploads\/2017\/09\/batista-campos-2-768x576.jpg 768w, https:\/\/estilodevidaurbano.com.br\/blog\/wp-content\/uploads\/2017\/09\/batista-campos-2-1024x768.jpg 1024w, https:\/\/estilodevidaurbano.com.br\/blog\/wp-content\/uploads\/2017\/09\/batista-campos-2.jpg 1280w\" sizes=\"auto, (max-width: 720px) 100vw, 720px\" \/><\/p>\n<p style=\"text-align: left;\"><span style=\"font-weight: 400;\">As esp\u00e9cies de \u00e1rvores da Amaz\u00f4nia e sua arquitetura marcante formam o cen\u00e1rio perfeito para os dias de folga e para as manh\u00e3s e tardes de lazer e divers\u00e3o em fam\u00edlia. Melhor ainda se esses momentos forem regados \u00e0 \u00e1gua de coco, oferecidas pelos j\u00e1 conhecidos vendedores da pra\u00e7a.<\/span><\/p>\n<h3 style=\"text-align: left;\">3. Infraestrutura completa de servi\u00e7os<\/h3>\n<p style=\"text-align: left;\"><span style=\"font-weight: 400;\">Quem mora em <\/span><b>Batista Campos<\/b><span style=\"font-weight: 400;\"> conta com <\/span><b>infraestrutura de servi\u00e7os completa<\/b><span style=\"font-weight: 400;\"> dia e noite. O bairro est\u00e1 repleto de supermercados, farm\u00e1cias e lojas de conveni\u00eancias &#8211; que n\u00e3o servem s\u00f3 para \u201csocorrer\u201d os moradores em uma emerg\u00eancia, mas s\u00e3o refer\u00eancia para quem vive l\u00e1.<\/span><\/p>\n<p style=\"text-align: left;\"><span style=\"font-weight: 400;\">A atraente <a href=\"http:\/\/blog.estilodevidaurbano.com.br\/vida-noturna-de-belem\/\">vida noturna<\/a> tamb\u00e9m \u00e9 muito rica. Os bares e restaurantes conquistam e fidelizam seus frequentadores, com verdadeiras experi\u00eancias gastron\u00f4micas. Para todos os gostos e paladares, em <\/span><b>Batista Campos<\/b><span style=\"font-weight: 400;\"> voc\u00ea encontra restaurantes t\u00edpicos e j\u00e1 tradicionais que dividem espa\u00e7o com os sabores contempor\u00e2neos e a culin\u00e1ria sofisticada. De <\/span><i><span style=\"font-weight: 400;\">fast foods<\/span><\/i><span style=\"font-weight: 400;\"> aos grandes nomes da gastronomia, os moradores da <\/span><b>Batista Campos<\/b><span style=\"font-weight: 400;\"> est\u00e3o, sem d\u00favidas, muito bem servidos.<\/span><\/p>\n<figure id=\"attachment_449\" aria-describedby=\"caption-attachment-449\" style=\"width: 720px\" class=\"wp-caption aligncenter\"><img loading=\"lazy\" decoding=\"async\" class=\"wp-image-449 size-md\" src=\"http:\/\/blog.estilodevidaurbano.com.br\/wp-content\/uploads\/2017\/09\/batista-campos-4-2-720x405.jpg\" alt=\"batista-campos-4\" width=\"720\" height=\"405\" srcset=\"https:\/\/estilodevidaurbano.com.br\/blog\/wp-content\/uploads\/2017\/09\/batista-campos-4-2-720x405.jpg 720w, https:\/\/estilodevidaurbano.com.br\/blog\/wp-content\/uploads\/2017\/09\/batista-campos-4-2-300x169.jpg 300w, https:\/\/estilodevidaurbano.com.br\/blog\/wp-content\/uploads\/2017\/09\/batista-campos-4-2-768x432.jpg 768w, https:\/\/estilodevidaurbano.com.br\/blog\/wp-content\/uploads\/2017\/09\/batista-campos-4-2.jpg 888w\" sizes=\"auto, (max-width: 720px) 100vw, 720px\" \/><figcaption id=\"caption-attachment-449\" class=\"wp-caption-text\">Foto: Di\u00e1rio do Par\u00e1<\/figcaption><\/figure>\n<h3 style=\"text-align: left;\">4. Educa\u00e7\u00e3o e vida saud\u00e1vel para toda a fam\u00edlia<\/h3>\n<p><span style=\"font-weight: 400;\">Em <\/span><b>Batista Campos<\/b><span style=\"font-weight: 400;\">, voc\u00ea pode <\/span><b>exercitar a mente e o corpo<\/b><span style=\"font-weight: 400;\"> com alto n\u00edvel de qualidade. O bairro tem op\u00e7\u00f5es muito bacanas de escolas para todas as idades, faculdades, cursos de idioma e de ensino t\u00e9cnico. Estudar uma nova \u00e1rea ou aperfei\u00e7oar seus conhecimentos pertinho de casa \u00e9 um bom incentivo, n\u00e3o \u00e9 mesmo!?<\/span><\/p>\n<p style=\"text-align: left;\"><span style=\"font-weight: 400;\">E para quem pratica esportes e atividades f\u00edsicas, o bairro tem academias super equipadas e com modalidades para todos os p\u00fablicos, al\u00e9m das convidativas ruas e espa\u00e7os verdes para quem gosta de fazer caminhadas e de se exercitar ao ar livre. Quem leva um estilo de vida saud\u00e1vel tamb\u00e9m se d\u00e1 bem &#8211; no bairro, h\u00e1 casas de produtos naturais e org\u00e2nicos!<\/span><\/p>\n<h3 style=\"text-align: left;\">5. Sa\u00fade na Batista Campos<\/h3>\n<p style=\"text-align: left;\"><span style=\"font-weight: 400;\">Todos nos preocupamos em ter f\u00e1cil acesso a hospitais e a demais servi\u00e7os de sa\u00fade. Em <\/span><b>Batista Campos<\/b><span style=\"font-weight: 400;\">, os servi\u00e7os de sa\u00fade s\u00e3o tamb\u00e9m um diferencial! No bairro, voc\u00ea encontra hospitais, cl\u00ednicas, consult\u00f3rios e unidades de rede de laborat\u00f3rios renomadas. <\/span><\/p>\n<figure id=\"attachment_441\" aria-describedby=\"caption-attachment-441\" style=\"width: 720px\" class=\"wp-caption aligncenter\"><img loading=\"lazy\" decoding=\"async\" class=\"wp-image-441 size-md\" src=\"http:\/\/blog.estilodevidaurbano.com.br\/wp-content\/uploads\/2017\/09\/batista-campos-7-720x405.jpg\" alt=\"batista-campos-7\" width=\"720\" height=\"405\" srcset=\"https:\/\/estilodevidaurbano.com.br\/blog\/wp-content\/uploads\/2017\/09\/batista-campos-7-720x405.jpg 720w, https:\/\/estilodevidaurbano.com.br\/blog\/wp-content\/uploads\/2017\/09\/batista-campos-7-300x169.jpg 300w, https:\/\/estilodevidaurbano.com.br\/blog\/wp-content\/uploads\/2017\/09\/batista-campos-7-768x432.jpg 768w, https:\/\/estilodevidaurbano.com.br\/blog\/wp-content\/uploads\/2017\/09\/batista-campos-7.jpg 1024w\" sizes=\"auto, (max-width: 720px) 100vw, 720px\" \/><figcaption id=\"caption-attachment-441\" class=\"wp-caption-text\">Foto: Ag\u00eancia Par\u00e1<\/figcaption><\/figure>\n<h3 style=\"text-align: left;\">6. A Fox, a Feira Livre e outros encantos de Batista Campos<\/h3>\n<p style=\"text-align: left;\"><b>Batista Campos<\/b><span style=\"font-weight: 400;\"> \u00e9, sem d\u00favidas, um bairro encantador. Em meio a toda sua infraestrutura, que proporciona qualidade de vida \u00edmpar aos seus moradores, h\u00e1 caracter\u00edsticas simples que complementam o cotidiano com experi\u00eancias que agregam ainda mais valor ao bairro.<\/span><\/p>\n<p style=\"text-align: left;\"><span style=\"font-weight: 400;\">Ir \u00e0 <\/span><b>Feira Livre<\/b><span style=\"font-weight: 400;\"> do bairro \u00e9 uma delas. Escolher suas frutas, verduras, negociar os valores, encontrar os vizinhos, o barraqueiro de toda semana e comer um pastel com caldo de cana s\u00e3o algumas das atividades tradicionais de quem frequenta a feira.<\/span><\/p>\n<figure id=\"attachment_442\" aria-describedby=\"caption-attachment-442\" style=\"width: 720px\" class=\"wp-caption aligncenter\"><img loading=\"lazy\" decoding=\"async\" class=\"size-md wp-image-442\" src=\"http:\/\/blog.estilodevidaurbano.com.br\/wp-content\/uploads\/2017\/09\/batista-campos-8-720x480.jpg\" alt=\"batista-campos-8\" width=\"720\" height=\"480\" srcset=\"https:\/\/estilodevidaurbano.com.br\/blog\/wp-content\/uploads\/2017\/09\/batista-campos-8-720x480.jpg 720w, https:\/\/estilodevidaurbano.com.br\/blog\/wp-content\/uploads\/2017\/09\/batista-campos-8-300x200.jpg 300w, https:\/\/estilodevidaurbano.com.br\/blog\/wp-content\/uploads\/2017\/09\/batista-campos-8-768x512.jpg 768w, https:\/\/estilodevidaurbano.com.br\/blog\/wp-content\/uploads\/2017\/09\/batista-campos-8-1024x683.jpg 1024w, https:\/\/estilodevidaurbano.com.br\/blog\/wp-content\/uploads\/2017\/09\/batista-campos-8-1920x1280.jpg 1920w\" sizes=\"auto, (max-width: 720px) 100vw, 720px\" \/><figcaption id=\"caption-attachment-442\" class=\"wp-caption-text\">Foto: Ag\u00eancia Par\u00e1<\/figcaption><\/figure>\n<p style=\"text-align: left;\"><span style=\"font-weight: 400;\">Da feira livre \u00e0 livraria; visitar a <\/span><a href=\"https:\/\/www.facebook.com\/foxbelem\/\"><b>Fox<\/b><\/a><span style=\"font-weight: 400;\"> tamb\u00e9m \u00e9 um programa muito tradicional para quem mora no bairro. A livraria est\u00e1 presente na cidade h\u00e1 mais de 30 anos e j\u00e1 \u00e9 um patrim\u00f4nio hist\u00f3rico local. L\u00e1, voc\u00ea pode aproveitar um caf\u00e9 e um bom bate-papo em meio a filmes, livros, CDs e muita cultura.<\/span><\/p>\n<p style=\"text-align: center;\">\n<div class=\"embed embed-responsive embed-responsive-16by9\"><iframe loading=\"lazy\" width=\"1140\" height=\"641\" src=\"https:\/\/www.youtube.com\/embed\/Y9Ri_YAqT18?feature=oembed\" frameborder=\"0\" allow=\"autoplay; encrypted-media\" allowfullscreen><\/iframe><\/div>\n<\/p>\n<p style=\"text-align: left;\"><span style=\"font-weight: 400;\">A <\/span><b>Batista Campos <\/b><span style=\"font-weight: 400;\">espera por voc\u00ea! Venha morar no melhor bairro de Bel\u00e9m e aproveitar todo o estilo de vida urbano. <a href=\"https:\/\/campanha.estilodevidaurbano.com.br\/next-on-399\">A Next pode ajudar!<\/a><\/span><\/p>\n","protected":false},"excerpt":{"rendered":"<div class=\"post-excerpt\">Com uma excelente localiza\u00e7\u00e3o, a Batista Campos \u00e9 um dos bairros mais bem estruturados para morar com qualidade de vida, seguran\u00e7a e conforto em Bel\u00e9m. A Batista Campos \u00e9 o&hellip;<\/div>\n<div class=\"post-more\"><a href=\"https:\/\/estilodevidaurbano.com.br\/blog\/batista-campos-belem\/\" class=\"btn btn-primary btn-effect btn-lg\"><span>Ver Post<\/span><span><i class=\"icon icon-arrow-right\"><\/i><\/span><\/a><\/div>\n","protected":false},"author":3,"featured_media":262,"comment_status":"closed","ping_status":"closed","sticky":false,"template":"","format":"image","meta":{"footnotes":""},"categories":[8],"tags":[39,54,87,85,94,84,37,75],"class_list":["post-260","post","type-post","status-publish","format-image","has-post-thumbnail","hentry","category-estilo-de-vida-next","tag-bairro-batista-campos","tag-batista-campos","tag-belem","tag-como-escolher-um-bairro","tag-fox","tag-melhor-bairro","tag-melhor-bairro-belem","tag-praca-batista-campos","post_format-post-format-image"],"_links":{"self":[{"href":"https:\/\/estilodevidaurbano.com.br\/blog\/wp-json\/wp\/v2\/posts\/260","targetHints":{"allow":["GET"]}}],"collection":[{"href":"https:\/\/estilodevidaurbano.com.br\/blog\/wp-json\/wp\/v2\/posts"}],"about":[{"href":"https:\/\/estilodevidaurbano.com.br\/blog\/wp-json\/wp\/v2\/types\/post"}],"author":[{"embeddable":true,"href":"https:\/\/estilodevidaurbano.com.br\/blog\/wp-json\/wp\/v2\/users\/3"}],"replies":[{"embeddable":true,"href":"https:\/\/estilodevidaurbano.com.br\/blog\/wp-json\/wp\/v2\/comments?post=260"}],"version-history":[{"count":14,"href":"https:\/\/estilodevidaurbano.com.br\/blog\/wp-json\/wp\/v2\/posts\/260\/revisions"}],"predecessor-version":[{"id":497,"href":"https:\/\/estilodevidaurbano.com.br\/blog\/wp-json\/wp\/v2\/posts\/260\/revisions\/497"}],"wp:featuredmedia":[{"embeddable":true,"href":"https:\/\/estilodevidaurbano.com.br\/blog\/wp-json\/wp\/v2\/media\/262"}],"wp:attachment":[{"href":"https:\/\/estilodevidaurbano.com.br\/blog\/wp-json\/wp\/v2\/media?parent=260"}],"wp:term":[{"taxonomy":"category","embeddable":true,"href":"https:\/\/estilodevidaurbano.com.br\/blog\/wp-json\/wp\/v2\/categories?post=260"},{"taxonomy":"post_tag","embeddable":true,"href":"https:\/\/estilodevidaurbano.com.br\/blog\/wp-json\/wp\/v2\/tags?post=260"}],"curies":[{"name":"wp","href":"https:\/\/api.w.org\/{rel}","templated":true}]}}