{"id":315,"date":"2017-11-10T18:47:35","date_gmt":"2017-11-10T18:47:35","guid":{"rendered":"http:\/\/blog.estilodevidaurbano.com.br\/?p=315"},"modified":"2018-03-01T22:03:30","modified_gmt":"2018-03-01T22:03:30","slug":"arquitetura-personalizada-next","status":"publish","type":"post","link":"https:\/\/estilodevidaurbano.com.br\/blog\/arquitetura-personalizada-next\/","title":{"rendered":"Fuja dos im\u00f3veis iguais: a arquitetura personalizada \u00e9 o futuro da constru\u00e7\u00e3o"},"content":{"rendered":"<p style=\"text-align: justify;\"><span style=\"font-weight: 400;\">Chega de pr\u00e9dios nos quais os im\u00f3veis s\u00e3o todos iguais: o futuro da constru\u00e7\u00e3o \u00e9 a <\/span><b>arquitetura personalizada<\/b><span style=\"font-weight: 400;\">. Apartamentos com plantas, decora\u00e7\u00e3o e formas de pagamentos personalizados e feitos sob medida para um p\u00fablico fora dos padr\u00f5es s\u00e3o diferenciais do mercado imobili\u00e1rio atual. <\/span><\/p>\n<h3 style=\"text-align: left;\">Se cada pessoa \u00e9 diferente, por que os im\u00f3veis s\u00e3o todos iguais?<\/h3>\n<p style=\"text-align: justify;\"><span style=\"font-weight: 400;\">Customiza\u00e7\u00e3o, <\/span><i><span style=\"font-weight: 400;\">tailor-made<\/span><\/i><span style=\"font-weight: 400;\">, personaliza\u00e7\u00e3o&#8230; Essas s\u00e3o palavras de ordem no mundo contempor\u00e2neo. Cada pessoa \u00e9 \u00fanica!. N\u00f3s possu\u00edmos gostos, experi\u00eancias e vidas diferentes. Nada mais natural, ent\u00e3o, que cada um de n\u00f3s queira que seus objetos, roupas e seu lar reflitam isso. <\/span><\/p>\n<p style=\"text-align: justify;\"><span style=\"font-weight: 400;\">\u00c9 exatamente isso que as pessoas t\u00eam buscado em um im\u00f3vel: algo que seja cada vez mais \u201ca sua cara\u201d &#8211; feito para ela e seu estilo de vida hoje &#8211; mas de olho no futuro. <\/span><\/p>\n<h3 style=\"text-align: left;\">Do seu jeit\u00e3o ou do seu jeitinho<\/h3>\n<p style=\"text-align: justify;\"><span style=\"font-weight: 400;\">Embora a <\/span><b>arquitetura personalizada <\/b><span style=\"font-weight: 400;\">seja um assunto cada vez mais em pauta, s\u00e3o poucas as incorporadoras que ousam desenvolver um projeto que permita, efetivamente, a personaliza\u00e7\u00e3o da planta. A mudan\u00e7a exige muita criatividade do arquiteto e do planejamento da constru\u00e7\u00e3o. Por isso, na maioria dos edif\u00edcios, os im\u00f3veis s\u00e3o todos iguais. <\/span><\/p>\n<p><img loading=\"lazy\" decoding=\"async\" class=\"aligncenter size-md wp-image-460\" src=\"http:\/\/blog.estilodevidaurbano.com.br\/wp-content\/uploads\/2017\/11\/arquitetura-personalizada-1-2-720x540.jpeg\" alt=\"\" width=\"720\" height=\"540\" srcset=\"https:\/\/estilodevidaurbano.com.br\/blog\/wp-content\/uploads\/2017\/11\/arquitetura-personalizada-1-2-720x540.jpeg 720w, https:\/\/estilodevidaurbano.com.br\/blog\/wp-content\/uploads\/2017\/11\/arquitetura-personalizada-1-2-300x225.jpeg 300w, https:\/\/estilodevidaurbano.com.br\/blog\/wp-content\/uploads\/2017\/11\/arquitetura-personalizada-1-2-768x576.jpeg 768w, https:\/\/estilodevidaurbano.com.br\/blog\/wp-content\/uploads\/2017\/11\/arquitetura-personalizada-1-2-1024x768.jpeg 1024w, https:\/\/estilodevidaurbano.com.br\/blog\/wp-content\/uploads\/2017\/11\/arquitetura-personalizada-1-2.jpeg 1280w\" sizes=\"auto, (max-width: 720px) 100vw, 720px\" \/><\/p>\n<p style=\"text-align: justify;\"><span style=\"font-weight: 400;\">Quem est\u00e1 procurando apartamento sabe como \u00e9 dif\u00edcil encontrar um lugar que se encaixe perfeitamente na sua vida &#8211; aquela planta afinada com o seu comportamento e n\u00e3o apenas com o que o mercado oferece. Quer uma sala maior, uma cozinha mais espa\u00e7osa ou um quarto para o seu <\/span><i><span style=\"font-weight: 400;\">home office<\/span><\/i><span style=\"font-weight: 400;\">? Em projetos padronizados e \u201cquadrados\u201d, essa tarefa \u00e9 praticamente imposs\u00edvel! <\/span><\/p>\n<p style=\"text-align: justify;\"><span style=\"font-weight: 400;\">N\u00e3o estamos falando, aqui, apenas dos acabamentos, pisos, revestimentos e decora\u00e7\u00e3o, tampouco de comprar o apartamento modelo que j\u00e1 vem decorado. Isso pode mudar a apar\u00eancia, mas, na <\/span><b>estrutura<\/b><span style=\"font-weight: 400;\">, esses im\u00f3veis s\u00e3o todos iguais.<\/span><\/p>\n<h3 style=\"text-align: left;\">Fuja dos pr\u00e9dios que os im\u00f3veis s\u00e3o todos iguais<\/h3>\n<p style=\"text-align: justify;\"><b>Arquitetura personalizada<\/b><span style=\"font-weight: 400;\"> \u00e9 poder mudar uma parede de lugar, ou n\u00e3o ter uma parede dividindo a sala da cozinha. Trata-se de poder <\/span><b>transformar a casa de seus sonhos em realidade<\/b><span style=\"font-weight: 400;\">! \u00c9 como um quadro em branco no qual voc\u00ea pode usar a estrutura que voc\u00ea deseja para a sua casa, al\u00e9m da mob\u00edlia, decora\u00e7\u00e3o e objetos de arte que representam a sua individualidade. Voc\u00ea ainda pode usar a tecnologia da <\/span><a href=\"http:\/\/blog.estilodevidaurbano.com.br\/automacao-residencial\/\"><b>automa\u00e7\u00e3o residencial<\/b><\/a><span style=\"font-weight: 400;\"> para aumentar o conforto, a comodidade e a seguran\u00e7a do seu apartamento.<\/span><\/p>\n<p style=\"text-align: justify;\"><span style=\"font-weight: 400;\">Ou seja, \u00e9 ter um lugar <\/span><b>desenhado sob medida<\/b><span style=\"font-weight: 400;\"> para voc\u00ea e para quem voc\u00ea ama. E o melhor: ter tudo isso negociado direto com um \u00fanico fornecedor, o que, al\u00e9m de ser muito mais pr\u00e1tico e eficiente, lhe d\u00e1 a oportunidade de negociar pre\u00e7os e formas de pagamento de forma direta.<\/span><\/p>\n<p><img loading=\"lazy\" decoding=\"async\" class=\"aligncenter size-md wp-image-456\" src=\"http:\/\/blog.estilodevidaurbano.com.br\/wp-content\/uploads\/2017\/11\/arquitetura-personalizada-2-720x491.jpg\" alt=\"arquitetura-personalizada-2\" width=\"720\" height=\"491\" srcset=\"https:\/\/estilodevidaurbano.com.br\/blog\/wp-content\/uploads\/2017\/11\/arquitetura-personalizada-2-720x491.jpg 720w, https:\/\/estilodevidaurbano.com.br\/blog\/wp-content\/uploads\/2017\/11\/arquitetura-personalizada-2-300x205.jpg 300w, https:\/\/estilodevidaurbano.com.br\/blog\/wp-content\/uploads\/2017\/11\/arquitetura-personalizada-2-768x524.jpg 768w, https:\/\/estilodevidaurbano.com.br\/blog\/wp-content\/uploads\/2017\/11\/arquitetura-personalizada-2-1024x699.jpg 1024w, https:\/\/estilodevidaurbano.com.br\/blog\/wp-content\/uploads\/2017\/11\/arquitetura-personalizada-2.jpg 1200w\" sizes=\"auto, (max-width: 720px) 100vw, 720px\" \/><\/p>\n<h3 style=\"text-align: left;\">Viva o futuro hoje<\/h3>\n<p style=\"text-align: justify;\"><span style=\"font-weight: 400;\">Mais que uma tend\u00eancia, esse conceito de morar bem desde a busca por um im\u00f3vel &#8211; pelo seu novo endere\u00e7o &#8211; j\u00e1 \u00e9 uma realidade no mercado imobili\u00e1rio de <\/span><b>Bel\u00e9m<\/b><span style=\"font-weight: 400;\">. A <\/span><a href=\"http:\/\/estilodevidaurbano.com.br\/\"><b>Next<\/b><\/a><span style=\"font-weight: 400;\"> \u00e9 uma incorporadora que alia o talento e criatividade dos mais renomados arquitetos \u00e0 tecnologia para oferecer empreendimentos que representam o <\/span><b>futuro do mercado imobili\u00e1rio<\/b><span style=\"font-weight: 400;\">, fugindo das linhas de produ\u00e7\u00e3o padronizadas.<\/span><\/p>\n<p><img loading=\"lazy\" decoding=\"async\" class=\"aligncenter size-md wp-image-457\" src=\"http:\/\/blog.estilodevidaurbano.com.br\/wp-content\/uploads\/2017\/11\/arquitetura-personalizada-3-720x360.jpg\" alt=\"arquitetura-personalizada-3\" width=\"720\" height=\"360\" srcset=\"https:\/\/estilodevidaurbano.com.br\/blog\/wp-content\/uploads\/2017\/11\/arquitetura-personalizada-3-720x360.jpg 720w, https:\/\/estilodevidaurbano.com.br\/blog\/wp-content\/uploads\/2017\/11\/arquitetura-personalizada-3-300x150.jpg 300w, https:\/\/estilodevidaurbano.com.br\/blog\/wp-content\/uploads\/2017\/11\/arquitetura-personalizada-3-768x384.jpg 768w, https:\/\/estilodevidaurbano.com.br\/blog\/wp-content\/uploads\/2017\/11\/arquitetura-personalizada-3-1024x512.jpg 1024w, https:\/\/estilodevidaurbano.com.br\/blog\/wp-content\/uploads\/2017\/11\/arquitetura-personalizada-3-1920x960.jpg 1920w\" sizes=\"auto, (max-width: 720px) 100vw, 720px\" \/><\/p>\n<p style=\"text-align: justify;\"><span style=\"font-weight: 400;\">Morar bem ganhou um novo conceito: a sua casa e o seu endere\u00e7o s\u00e3o, mais do que nunca, definidos pelo que voc\u00ea \u00e9! Chega de f\u00f3rmulas iguais para pessoas diferentes!<\/span><\/p>\n<p style=\"text-align: justify;\"><span style=\"font-weight: 400;\">Est\u00e1 procurando um empreendimento em Bel\u00e9m que aposta em <\/span><b>arquitetura personalizada, <\/b><span style=\"font-weight: 400;\">no qual os im\u00f3veis n\u00e3o sejam todos iguais? <\/span><a href=\"https:\/\/campanha.estilodevidaurbano.com.br\/next-on-399\"><span style=\"font-weight: 400;\">Clique aqui!<\/span><\/a><\/p>\n","protected":false},"excerpt":{"rendered":"<div class=\"post-excerpt\">Chega de pr\u00e9dios nos quais os im\u00f3veis s\u00e3o todos iguais: o futuro da constru\u00e7\u00e3o \u00e9 a arquitetura personalizada. Apartamentos com plantas, decora\u00e7\u00e3o e formas de pagamentos personalizados e feitos sob&hellip;<\/div>\n<div class=\"post-more\"><a href=\"https:\/\/estilodevidaurbano.com.br\/blog\/arquitetura-personalizada-next\/\" class=\"btn btn-primary btn-effect btn-lg\"><span>Ver Post<\/span><span><i class=\"icon icon-arrow-right\"><\/i><\/span><\/a><\/div>\n","protected":false},"author":3,"featured_media":318,"comment_status":"open","ping_status":"open","sticky":false,"template":"","format":"image","meta":{"footnotes":""},"categories":[8],"tags":[95,87,51,93,86,90],"class_list":["post-315","post","type-post","status-publish","format-image","has-post-thumbnail","hentry","category-estilo-de-vida-next","tag-arquitetura-personalizada","tag-belem","tag-estilo-de-vida-urbano","tag-inovacao","tag-melhor-imovel","tag-personalizacao","post_format-post-format-image"],"_links":{"self":[{"href":"https:\/\/estilodevidaurbano.com.br\/blog\/wp-json\/wp\/v2\/posts\/315","targetHints":{"allow":["GET"]}}],"collection":[{"href":"https:\/\/estilodevidaurbano.com.br\/blog\/wp-json\/wp\/v2\/posts"}],"about":[{"href":"https:\/\/estilodevidaurbano.com.br\/blog\/wp-json\/wp\/v2\/types\/post"}],"author":[{"embeddable":true,"href":"https:\/\/estilodevidaurbano.com.br\/blog\/wp-json\/wp\/v2\/users\/3"}],"replies":[{"embeddable":true,"href":"https:\/\/estilodevidaurbano.com.br\/blog\/wp-json\/wp\/v2\/comments?post=315"}],"version-history":[{"count":10,"href":"https:\/\/estilodevidaurbano.com.br\/blog\/wp-json\/wp\/v2\/posts\/315\/revisions"}],"predecessor-version":[{"id":461,"href":"https:\/\/estilodevidaurbano.com.br\/blog\/wp-json\/wp\/v2\/posts\/315\/revisions\/461"}],"wp:featuredmedia":[{"embeddable":true,"href":"https:\/\/estilodevidaurbano.com.br\/blog\/wp-json\/wp\/v2\/media\/318"}],"wp:attachment":[{"href":"https:\/\/estilodevidaurbano.com.br\/blog\/wp-json\/wp\/v2\/media?parent=315"}],"wp:term":[{"taxonomy":"category","embeddable":true,"href":"https:\/\/estilodevidaurbano.com.br\/blog\/wp-json\/wp\/v2\/categories?post=315"},{"taxonomy":"post_tag","embeddable":true,"href":"https:\/\/estilodevidaurbano.com.br\/blog\/wp-json\/wp\/v2\/tags?post=315"}],"curies":[{"name":"wp","href":"https:\/\/api.w.org\/{rel}","templated":true}]}}