{"id":325,"date":"2017-11-10T17:43:56","date_gmt":"2017-11-10T17:43:56","guid":{"rendered":"http:\/\/blog.estilodevidaurbano.com.br\/?p=325"},"modified":"2018-03-02T18:37:46","modified_gmt":"2018-03-02T18:37:46","slug":"bairro-batista-campos","status":"publish","type":"post","link":"https:\/\/estilodevidaurbano.com.br\/blog\/bairro-batista-campos\/","title":{"rendered":"Bairro Batista Campos: onde o estilo de vida urbano pulsa 24 horas por dia"},"content":{"rendered":"<p style=\"text-align: justify;\"><span style=\"font-weight: 400;\">Nosso estilo de vida tem a ver com nossos h\u00e1bitos &#8211; \u00e9 uma express\u00e3o de nossos valores, cren\u00e7as, padr\u00f5es de consumo e rotinas. O <\/span><b>estilo de vida urbano<\/b><span style=\"font-weight: 400;\"> \u00e9 representado por pessoas ativas, modernas, conectadas, com bom n\u00edvel de educa\u00e7\u00e3o, que est\u00e3o a par das novidades em pol\u00edtica, economia, neg\u00f3cios, arte, cultura, viagens, tecnologia, <\/span><i><span style=\"font-weight: 400;\">design<\/span><\/i><span style=\"font-weight: 400;\"> e inova\u00e7\u00e3o.<\/span><\/p>\n<p style=\"text-align: justify;\"><span style=\"font-weight: 400;\">As grandes cidades s\u00e3o marcadas pela diversidade de estilos de vida e vis\u00f5es de mundo diferentes. Quanto maior e mais cosmopolita \u00e9 a cidade, mais vis\u00f5es de mundo e estilos de vida coexistem. Bel\u00e9m passa por esse momento: o crescimento acelerado da cidade faz com que surjam diversos centros urbanos, cada um com seu estilo de vida diferente. Assim, a<\/span> <a href=\"http:\/\/blog.estilodevidaurbano.com.br\/tag\/batista-campos\/\"><b>Batista Campos<\/b><\/a><span style=\"font-weight: 400;\"> \u00e9 o bairro que melhor define o que \u00e9 o estilo de vida urbano. <\/span><\/p>\n<p style=\"text-align: justify;\"><b>Ser urbano \u00e9 morar onde se vive!<\/b><span style=\"font-weight: 400;\"> Essa talvez seja a melhor tradu\u00e7\u00e3o para o conceito de ocupa\u00e7\u00e3o urbana mais crescente no mundo. Evitar os grandes deslocamentos nas cidades para ir ao trabalho ou para buscar op\u00e7\u00f5es de lazer ajuda a aumentar a qualidade de vida e a produtividade das pessoas.<\/span><\/p>\n<p style=\"text-align: justify;\"><span style=\"font-weight: 400;\">A<\/span><b> Batista Campos <\/b><span style=\"font-weight: 400;\">\u00e9 aquele lugar que encanta pelo charme e tamb\u00e9m pela variedade de restaurantes, bares, caf\u00e9s e servi\u00e7os que se encontram por l\u00e1. Seja qual for o seu estilo, h\u00e1 um programa perfeito para voc\u00ea: <a href=\"http:\/\/blog.estilodevidaurbano.com.br\/roteiro-de-belem\/\">caf\u00e9 da manh\u00e3<\/a> com tapioquinha de queijo Maraj\u00f3; <a href=\"http:\/\/blog.estilodevidaurbano.com.br\/roteiro-de-belem\/\">almo\u00e7o<\/a> com <\/span><i><span style=\"font-weight: 400;\">buffet<\/span><\/i><span style=\"font-weight: 400;\"> da alta gastronomia internacional; <a href=\"http:\/\/blog.estilodevidaurbano.com.br\/final-de-tarde-em-belem\/\">fim de tarde<\/a> com \u00e1gua de coco e tacac\u00e1 na <\/span><a href=\"http:\/\/blog.estilodevidaurbano.com.br\/batista-campos-belem\/\"><span style=\"font-weight: 400;\">Pra\u00e7a Batista Campos<\/span><\/a><span style=\"font-weight: 400;\">, ou ainda jantar e curtir a <a href=\"http:\/\/blog.estilodevidaurbano.com.br\/vida-noturna-de-belem\/\">vida noturna<\/a> &#8211; basta escolher o que mais lhe conv\u00e9m!<\/span><\/p>\n<figure id=\"attachment_236\" aria-describedby=\"caption-attachment-236\" style=\"width: 720px\" class=\"wp-caption aligncenter\"><img loading=\"lazy\" decoding=\"async\" class=\"size-md wp-image-236\" src=\"http:\/\/blog.estilodevidaurbano.com.br\/wp-content\/uploads\/2017\/08\/Post_Next_Diga-onde-Moras-720x479.jpg\" alt=\"bairro-batista-campos-2\" width=\"720\" height=\"479\" srcset=\"https:\/\/estilodevidaurbano.com.br\/blog\/wp-content\/uploads\/2017\/08\/Post_Next_Diga-onde-Moras-720x480.jpg 720w, https:\/\/estilodevidaurbano.com.br\/blog\/wp-content\/uploads\/2017\/08\/Post_Next_Diga-onde-Moras-300x200.jpg 300w, https:\/\/estilodevidaurbano.com.br\/blog\/wp-content\/uploads\/2017\/08\/Post_Next_Diga-onde-Moras-768x511.jpg 768w, https:\/\/estilodevidaurbano.com.br\/blog\/wp-content\/uploads\/2017\/08\/Post_Next_Diga-onde-Moras-1024x681.jpg 1024w, https:\/\/estilodevidaurbano.com.br\/blog\/wp-content\/uploads\/2017\/08\/Post_Next_Diga-onde-Moras-1920x1277.jpg 1920w\" sizes=\"auto, (max-width: 720px) 100vw, 720px\" \/><figcaption id=\"caption-attachment-236\" class=\"wp-caption-text\">Batista Campos: onde o estilo de vida urbano de Bel\u00e9m pulsa 24 horas por dia<\/figcaption><\/figure>\n<p style=\"text-align: justify;\"><span style=\"font-weight: 400;\">Al\u00e9m disso, o <\/span><b>bairro Batista Campos<\/b><span style=\"font-weight: 400;\"> \u00e9 um bairro nobre, com \u00f3tima localiza\u00e7\u00e3o em uma <\/span><b>regi\u00e3o central de Bel\u00e9m<\/b><span style=\"font-weight: 400;\">, onde h\u00e1 sempre algo de bom para fazer, visitar e degustar, sem nem precisar sair de carro. Que tal uma <a href=\"http:\/\/blog.estilodevidaurbano.com.br\/cultura-em-belem\/\">tarde de cultura<\/a>!?<\/span><\/p>\n<p style=\"text-align: justify;\"><span style=\"font-weight: 400;\">No seu ritmo, o <\/span><b>bairro Batista Campos<\/b><span style=\"font-weight: 400;\"> \u00e9 o <\/span><a href=\"http:\/\/blog.estilodevidaurbano.com.br\/melhor-bairro-belem\/\"><span style=\"font-weight: 400;\">lugar perfeito para voc\u00ea morar<\/span><\/a><span style=\"font-weight: 400;\">! Cheio de hist\u00f3ria, o bairro est\u00e1 voltado para o futuro! N\u00e3o \u00e0 toa, escolhemos a<\/span><b> Batista Campos <\/b><span style=\"font-weight: 400;\">para ser o lar do nosso empreendimento <\/span><b>Next On 399<\/b><span style=\"font-weight: 400;\">, um condom\u00ednio que foge da mesmice e oferece toda a <\/span><a href=\"http:\/\/blog.estilodevidaurbano.com.br\/automacao-residencial\/\"><span style=\"font-weight: 400;\">tecnologia<\/span><\/a><span style=\"font-weight: 400;\"> e <a href=\"http:\/\/blog.estilodevidaurbano.com.br\/arquitetura-personalizada-next\/\">arquitetura personalizada<\/a> para tornar a sua vida muitos mais confort\u00e1vel.<\/span><\/p>\n<p style=\"text-align: justify;\"><span style=\"font-weight: 400;\">Sua vida \u00e9 uma obra autoral, marcada por tudo que voc\u00ea \u00e9 e pelo que voc\u00ea faz! Esse \u00e9 o seu estilo de vida, <\/span><a href=\"https:\/\/campanha.estilodevidaurbano.com.br\/next-on-399\"><span style=\"font-weight: 400;\">venha viv\u00ea-lo com a Next<\/span><\/a><span style=\"font-weight: 400;\">! <\/span><\/p>\n<p style=\"text-align: justify;\"><b>Quer saber mais sobre o bairro Batista Campos? <\/b><a href=\"https:\/\/campanha.estilodevidaurbano.com.br\/next-on-399\"><b>Clique aqui e confira!<\/b><\/a><\/p>\n","protected":false},"excerpt":{"rendered":"<div class=\"post-excerpt\">Nosso estilo de vida tem a ver com nossos h\u00e1bitos &#8211; \u00e9 uma express\u00e3o de nossos valores, cren\u00e7as, padr\u00f5es de consumo e rotinas. O estilo de vida urbano \u00e9 representado&hellip;<\/div>\n<div class=\"post-more\"><a href=\"https:\/\/estilodevidaurbano.com.br\/blog\/bairro-batista-campos\/\" class=\"btn btn-primary btn-effect btn-lg\"><span>Ver Post<\/span><span><i class=\"icon icon-arrow-right\"><\/i><\/span><\/a><\/div>\n","protected":false},"author":3,"featured_media":453,"comment_status":"open","ping_status":"open","sticky":false,"template":"","format":"image","meta":{"footnotes":""},"categories":[8],"tags":[39,54,87,33,84],"class_list":["post-325","post","type-post","status-publish","format-image","has-post-thumbnail","hentry","category-estilo-de-vida-next","tag-bairro-batista-campos","tag-batista-campos","tag-belem","tag-estilo-de-vida","tag-melhor-bairro","post_format-post-format-image"],"_links":{"self":[{"href":"https:\/\/estilodevidaurbano.com.br\/blog\/wp-json\/wp\/v2\/posts\/325","targetHints":{"allow":["GET"]}}],"collection":[{"href":"https:\/\/estilodevidaurbano.com.br\/blog\/wp-json\/wp\/v2\/posts"}],"about":[{"href":"https:\/\/estilodevidaurbano.com.br\/blog\/wp-json\/wp\/v2\/types\/post"}],"author":[{"embeddable":true,"href":"https:\/\/estilodevidaurbano.com.br\/blog\/wp-json\/wp\/v2\/users\/3"}],"replies":[{"embeddable":true,"href":"https:\/\/estilodevidaurbano.com.br\/blog\/wp-json\/wp\/v2\/comments?post=325"}],"version-history":[{"count":6,"href":"https:\/\/estilodevidaurbano.com.br\/blog\/wp-json\/wp\/v2\/posts\/325\/revisions"}],"predecessor-version":[{"id":498,"href":"https:\/\/estilodevidaurbano.com.br\/blog\/wp-json\/wp\/v2\/posts\/325\/revisions\/498"}],"wp:featuredmedia":[{"embeddable":true,"href":"https:\/\/estilodevidaurbano.com.br\/blog\/wp-json\/wp\/v2\/media\/453"}],"wp:attachment":[{"href":"https:\/\/estilodevidaurbano.com.br\/blog\/wp-json\/wp\/v2\/media?parent=325"}],"wp:term":[{"taxonomy":"category","embeddable":true,"href":"https:\/\/estilodevidaurbano.com.br\/blog\/wp-json\/wp\/v2\/categories?post=325"},{"taxonomy":"post_tag","embeddable":true,"href":"https:\/\/estilodevidaurbano.com.br\/blog\/wp-json\/wp\/v2\/tags?post=325"}],"curies":[{"name":"wp","href":"https:\/\/api.w.org\/{rel}","templated":true}]}}