{"id":362,"date":"2017-11-14T18:52:35","date_gmt":"2017-11-14T18:52:35","guid":{"rendered":"http:\/\/blog.estilodevidaurbano.com.br\/?p=362"},"modified":"2018-03-02T17:14:15","modified_gmt":"2018-03-02T17:14:15","slug":"buscar-um-novo-imovel","status":"publish","type":"post","link":"https:\/\/estilodevidaurbano.com.br\/blog\/buscar-um-novo-imovel\/","title":{"rendered":"5 motivos para buscar um novo im\u00f3vel"},"content":{"rendered":"<p><span style=\"font-weight: 400;\">Um mito que ainda existe entre os brasileiros \u00e9 o de que s\u00f3 compramos um im\u00f3vel em nossa vida. Por\u00e9m, na realidade, a coisa \u00e9 bem diferente. A vida \u00e9 feita de ciclos e, a cada novo ciclo, nossas vidas mudam &#8211; \u00e0s vezes, radicalmente. Muitas dessas mudan\u00e7as influenciam nosso estilo de vida, o que reflete na compra de um novo im\u00f3vel. Neste post, traremos <\/span><b>5 motivos para buscar um novo im\u00f3vel<\/b><span style=\"font-weight: 400;\">.<\/span><\/p>\n<h3 style=\"text-align: left;\">1. Independ\u00eancia e come\u00e7o da vida adulta<\/h3>\n<p><span style=\"font-weight: 400;\">Nas gera\u00e7\u00f5es passadas, era comum que as pessoas casassem cedo e que morassem com os pais at\u00e9 o casamento. Por\u00e9m, nos dias de hoje, as coisas mudaram bastante. Al\u00e9m de as pessoas levarem mais tempo para casar, elas j\u00e1 buscam, logo que completam seus 18 anos, por im\u00f3vel funcional, pr\u00f3ximo ao trabalho ou \u00e0 faculdade &#8211; mudando muitas vezes de cidade e estado &#8211; sem a necessidade de muito espa\u00e7o; O desejo vigente \u00e9 o de <\/span><b>independ\u00eancia<\/b><span style=\"font-weight: 400;\">!<\/span><\/p>\n<p><span style=\"font-weight: 400;\">Esse motivo influencia tamb\u00e9m na vida dos pais, pois, ap\u00f3s a independ\u00eancia dos filhos, muitas fam\u00edlias passam a buscar im\u00f3veis menores para se adequarem \u00e0 nova fase da vida.<\/span><\/p>\n<p><img loading=\"lazy\" decoding=\"async\" class=\"aligncenter size-md wp-image-473\" src=\"http:\/\/blog.estilodevidaurbano.com.br\/wp-content\/uploads\/2017\/11\/buscar-novo-im\u00f3vel-2-720x480.jpeg\" alt=\"buscar-novo-im\u00f3vel-2\" width=\"720\" height=\"480\" srcset=\"https:\/\/estilodevidaurbano.com.br\/blog\/wp-content\/uploads\/2017\/11\/buscar-novo-im\u00f3vel-2-720x480.jpeg 720w, https:\/\/estilodevidaurbano.com.br\/blog\/wp-content\/uploads\/2017\/11\/buscar-novo-im\u00f3vel-2-300x200.jpeg 300w, https:\/\/estilodevidaurbano.com.br\/blog\/wp-content\/uploads\/2017\/11\/buscar-novo-im\u00f3vel-2-768x512.jpeg 768w, https:\/\/estilodevidaurbano.com.br\/blog\/wp-content\/uploads\/2017\/11\/buscar-novo-im\u00f3vel-2-1024x683.jpeg 1024w, https:\/\/estilodevidaurbano.com.br\/blog\/wp-content\/uploads\/2017\/11\/buscar-novo-im\u00f3vel-2.jpeg 1920w\" sizes=\"auto, (max-width: 720px) 100vw, 720px\" \/><\/p>\n<h3 style=\"text-align: left;\">2. Casamento<\/h3>\n<p><span style=\"font-weight: 400;\">J\u00e1 diz o ditado: <\/span><i><span style=\"font-weight: 400;\">quem casa quer casa<\/span><\/i><span style=\"font-weight: 400;\">. Assim, o <\/span><b>casamento<\/b><span style=\"font-weight: 400;\"> \u00e9 um dos principais motivos que leva as pessoas \u00e0 busca de um im\u00f3vel adequado \u00e0 nova fase da vida. <\/span><\/p>\n<p><span style=\"font-weight: 400;\">Nesse primeiro momento, consideramos o casamento sem filhos, tendo em vista a mudan\u00e7a de comportamento atual refletida no tempo que os casais levam para ter o primeiro filho. Se antes havia uma press\u00e3o da fam\u00edlia e dos amigos para que o casal tivesse um filho logo no primeiro ano de casamento, hoje muitos casais decidem curtir a vida a dois e construir uma estabilidade financeira antes de ter o primeiro filho. <\/span><\/p>\n<p><span style=\"font-weight: 400;\">Essa parcela da popula\u00e7\u00e3o, da qual tamb\u00e9m fazem parte os os solteiros que moram sozinhos, \u00e9 uma das que mais cresce em nosso pa\u00eds. No mercado imobili\u00e1rio, s\u00e3o chamados de <\/span><i><span style=\"font-weight: 400;\">DINKS<\/span><\/i><span style=\"font-weight: 400;\">:<\/span><i><span style=\"font-weight: 400;\"> Double Incoming, No Kids or Singles<\/span><\/i><span style=\"font-weight: 400;\"> (duas rendas, sem filhos ou solteiros). <\/span><\/p>\n<p><img loading=\"lazy\" decoding=\"async\" class=\"aligncenter size-md wp-image-468\" src=\"http:\/\/blog.estilodevidaurbano.com.br\/wp-content\/uploads\/2017\/11\/buscar-novo-im\u00f3vel-3-720x508.jpg\" alt=\"buscar-novo-im\u00f3vel-3\" width=\"720\" height=\"508\" srcset=\"https:\/\/estilodevidaurbano.com.br\/blog\/wp-content\/uploads\/2017\/11\/buscar-novo-im\u00f3vel-3-720x508.jpg 720w, https:\/\/estilodevidaurbano.com.br\/blog\/wp-content\/uploads\/2017\/11\/buscar-novo-im\u00f3vel-3-300x212.jpg 300w, https:\/\/estilodevidaurbano.com.br\/blog\/wp-content\/uploads\/2017\/11\/buscar-novo-im\u00f3vel-3-768x542.jpg 768w, https:\/\/estilodevidaurbano.com.br\/blog\/wp-content\/uploads\/2017\/11\/buscar-novo-im\u00f3vel-3.jpg 1000w\" sizes=\"auto, (max-width: 720px) 100vw, 720px\" \/><\/p>\n<p><span style=\"font-weight: 400;\">\u00c9 por isso que nos \u00faltimos anos surgiram, nas grandes cidades, tantos apartamentos com menos de 50 metros quadrados, normalmente localizados em bairros com uma boa infraestrutura de servi\u00e7os.<\/span><\/p>\n<h3 style=\"text-align: left;\">3. Chegada dos filhos<\/h3>\n<p><span style=\"font-weight: 400;\">A <\/span><b>chegada de um filho<\/b><span style=\"font-weight: 400;\"> e a prepara\u00e7\u00e3o para formar uma fam\u00edlia mudam completamente a vida de um casal, e uma das mudan\u00e7as mais importantes \u00e9 o im\u00f3vel. N\u00e3o h\u00e1 s\u00f3 a necessidade de um quarto a mais; a crian\u00e7a precisar\u00e1 de espa\u00e7o para aprender a andar, para brincar e se desenvolver. O im\u00f3vel precisa, tamb\u00e9m, ser pr\u00f3ximo a boas escolas e creches. E, se o casal pensa em ter um segundo filho, a decis\u00e3o de buscar um novo im\u00f3vel torna-se imprescind\u00edvel! <\/span><\/p>\n<p><img loading=\"lazy\" decoding=\"async\" class=\"aligncenter size-md wp-image-469\" src=\"http:\/\/blog.estilodevidaurbano.com.br\/wp-content\/uploads\/2017\/11\/buscar-novo-im\u00f3vel-4-720x480.jpeg\" alt=\"buscar-novo-im\u00f3vel-4\" width=\"720\" height=\"480\" srcset=\"https:\/\/estilodevidaurbano.com.br\/blog\/wp-content\/uploads\/2017\/11\/buscar-novo-im\u00f3vel-4-720x480.jpeg 720w, https:\/\/estilodevidaurbano.com.br\/blog\/wp-content\/uploads\/2017\/11\/buscar-novo-im\u00f3vel-4-300x200.jpeg 300w, https:\/\/estilodevidaurbano.com.br\/blog\/wp-content\/uploads\/2017\/11\/buscar-novo-im\u00f3vel-4-768x512.jpeg 768w, https:\/\/estilodevidaurbano.com.br\/blog\/wp-content\/uploads\/2017\/11\/buscar-novo-im\u00f3vel-4-1024x683.jpeg 1024w, https:\/\/estilodevidaurbano.com.br\/blog\/wp-content\/uploads\/2017\/11\/buscar-novo-im\u00f3vel-4.jpeg 1920w\" sizes=\"auto, (max-width: 720px) 100vw, 720px\" \/><\/p>\n<p><span style=\"font-weight: 400;\">\u00c9 importante lembrar: as crian\u00e7as crescem r\u00e1pido. Um beb\u00ea, que hoje dorme nos bra\u00e7os da m\u00e3e, dentro de 15 anos poder\u00e1 estar maior que ela e interessado em ter mais privacidade. <\/span><\/p>\n<p><span style=\"font-weight: 400;\">Por isso, \u00e9 fundamental ter em mente que a casa nova deve ter, desde o primeiro momento, um quarto separado para o filho &#8211; algo que tamb\u00e9m \u00e9 importante para o aprendizado da crian\u00e7a sobre a organiza\u00e7\u00e3o do seu pr\u00f3prio espa\u00e7o, respeito pelas \u00e1reas comuns do apartamento e pela vida privada de cada um dos membros da fam\u00edlia. <\/span><\/p>\n<h3 style=\"text-align: left;\">4. Mudan\u00e7a de emprego<\/h3>\n<p><span style=\"font-weight: 400;\">O mercado de trabalho est\u00e1 mudando de forma acelerada; as novas formas de organiza\u00e7\u00e3o do trabalho exigem mudan\u00e7as constantes e, muitas vezes, \u00e9 necess\u00e1rio <\/span><b>trabalhar em casa<\/b><span style=\"font-weight: 400;\">. <\/span><\/p>\n<p><span style=\"font-weight: 400;\">Essa experi\u00eancia, entretanto, n\u00e3o \u00e9 t\u00e3o simples! \u00c9 necess\u00e1rio montar uma estrutura de trabalho que funcione como um verdadeiro escrit\u00f3rio. De outra forma, ser\u00e1 dif\u00edcil focar-se em trabalhar sem ser distra\u00eddo pelas outras demandas da casa e da fam\u00edlia! Por isso, ter um quarto separado unicamente para o escrit\u00f3rio \u00e9 muito mais prop\u00edcio para a produtividade e disciplina na hora de fazer um <\/span><i><span style=\"font-weight: 400;\">home office<\/span><\/i><span style=\"font-weight: 400;\">. <\/span><\/p>\n<p><img loading=\"lazy\" decoding=\"async\" class=\"aligncenter size-md wp-image-470\" src=\"http:\/\/blog.estilodevidaurbano.com.br\/wp-content\/uploads\/2017\/11\/buscar-novo-im\u00f3vel-5-720x480.jpg\" alt=\"buscar-novo-im\u00f3vel-5\" width=\"720\" height=\"480\" srcset=\"https:\/\/estilodevidaurbano.com.br\/blog\/wp-content\/uploads\/2017\/11\/buscar-novo-im\u00f3vel-5-720x480.jpg 720w, https:\/\/estilodevidaurbano.com.br\/blog\/wp-content\/uploads\/2017\/11\/buscar-novo-im\u00f3vel-5-300x200.jpg 300w, https:\/\/estilodevidaurbano.com.br\/blog\/wp-content\/uploads\/2017\/11\/buscar-novo-im\u00f3vel-5-768x512.jpg 768w, https:\/\/estilodevidaurbano.com.br\/blog\/wp-content\/uploads\/2017\/11\/buscar-novo-im\u00f3vel-5.jpg 940w\" sizes=\"auto, (max-width: 720px) 100vw, 720px\" \/><\/p>\n<p><span style=\"font-weight: 400;\">Quanto \u00e0s <\/span><b>mudan\u00e7as de emprego<\/b><span style=\"font-weight: 400;\"> \u201ctradicionais\u201d, o tr\u00e2nsito e o aumento do n\u00famero de autom\u00f3veis nas grandes cidades t\u00eam se intensificado cada vez mais, sobretudo na hora do <\/span><i><span style=\"font-weight: 400;\">rush<\/span><\/i><span style=\"font-weight: 400;\">. Isso faz com que muitas pessoas n\u00e3o queiram morar longe do trabalho, pois o tempo gasto em deslocamento afeta diretamente a qualidade de vida e tamb\u00e9m consome horas preciosas que poderiam ser dedicadas \u00e0 fam\u00edlia e a outras atividades. <\/span><\/p>\n<h3 style=\"text-align: left;\">5. Aposentadoria<\/h3>\n<p><span style=\"font-weight: 400;\">Hoje em dia, as pessoas se aposentam com sa\u00fade e com vontade de aproveitar a vida. Os filhos j\u00e1 cresceram e n\u00e3o moram mais na casa; Aquele im\u00f3vel enorme n\u00e3o faz mais sentido &#8211; e o ideal \u00e9 buscar um novo im\u00f3vel, em um bairro que tenha oferta de servi\u00e7os e boa infraestrutura. Um bairro que seja como <\/span><a href=\"http:\/\/blog.estilodevidaurbano.com.br\/tag\/batista-campos\/\"><span style=\"font-weight: 400;\">Batista Campos<\/span><\/a><span style=\"font-weight: 400;\">, em Bel\u00e9m! <\/span><\/p>\n<p><img loading=\"lazy\" decoding=\"async\" class=\"aligncenter size-md wp-image-471\" src=\"http:\/\/blog.estilodevidaurbano.com.br\/wp-content\/uploads\/2017\/11\/buscar-novo-im\u00f3vel-6-720x480.jpeg\" alt=\"buscar-novo-im\u00f3vel-6\" width=\"720\" height=\"480\" srcset=\"https:\/\/estilodevidaurbano.com.br\/blog\/wp-content\/uploads\/2017\/11\/buscar-novo-im\u00f3vel-6-720x480.jpeg 720w, https:\/\/estilodevidaurbano.com.br\/blog\/wp-content\/uploads\/2017\/11\/buscar-novo-im\u00f3vel-6-300x200.jpeg 300w, https:\/\/estilodevidaurbano.com.br\/blog\/wp-content\/uploads\/2017\/11\/buscar-novo-im\u00f3vel-6-768x512.jpeg 768w, https:\/\/estilodevidaurbano.com.br\/blog\/wp-content\/uploads\/2017\/11\/buscar-novo-im\u00f3vel-6-1024x682.jpeg 1024w, https:\/\/estilodevidaurbano.com.br\/blog\/wp-content\/uploads\/2017\/11\/buscar-novo-im\u00f3vel-6.jpeg 1920w\" sizes=\"auto, (max-width: 720px) 100vw, 720px\" \/><span style=\"font-weight: 400;\">Seja qualquer for o seu motivo para voc\u00ea<\/span><b> buscar um novo im\u00f3vel<\/b><span style=\"font-weight: 400;\">, o importante \u00e9 pensar em como ele se adaptar\u00e1 ao seu estilo de vida hoje e no futuro. <\/span><a href=\"https:\/\/campanha.estilodevidaurbano.com.br\/next-on-399\"><b>E o futuro \u00e9 NEXT!<\/b><\/a><\/p>\n","protected":false},"excerpt":{"rendered":"<div class=\"post-excerpt\">Um mito que ainda existe entre os brasileiros \u00e9 o de que s\u00f3 compramos um im\u00f3vel em nossa vida. Por\u00e9m, na realidade, a coisa \u00e9 bem diferente. A vida \u00e9&hellip;<\/div>\n<div class=\"post-more\"><a href=\"https:\/\/estilodevidaurbano.com.br\/blog\/buscar-um-novo-imovel\/\" class=\"btn btn-primary btn-effect btn-lg\"><span>Ver Post<\/span><span><i class=\"icon icon-arrow-right\"><\/i><\/span><\/a><\/div>\n","protected":false},"author":3,"featured_media":472,"comment_status":"open","ping_status":"open","sticky":false,"template":"","format":"image","meta":{"footnotes":""},"categories":[8],"tags":[87,96,33,51,68,65,66],"class_list":["post-362","post","type-post","status-publish","format-image","has-post-thumbnail","hentry","category-estilo-de-vida-next","tag-belem","tag-buscar-um-novo-imovel","tag-estilo-de-vida","tag-estilo-de-vida-urbano","tag-imovel-em-belem","tag-motivos-para-buscar-um-imovel","tag-por-que-comprar-um-imovel","post_format-post-format-image"],"_links":{"self":[{"href":"https:\/\/estilodevidaurbano.com.br\/blog\/wp-json\/wp\/v2\/posts\/362","targetHints":{"allow":["GET"]}}],"collection":[{"href":"https:\/\/estilodevidaurbano.com.br\/blog\/wp-json\/wp\/v2\/posts"}],"about":[{"href":"https:\/\/estilodevidaurbano.com.br\/blog\/wp-json\/wp\/v2\/types\/post"}],"author":[{"embeddable":true,"href":"https:\/\/estilodevidaurbano.com.br\/blog\/wp-json\/wp\/v2\/users\/3"}],"replies":[{"embeddable":true,"href":"https:\/\/estilodevidaurbano.com.br\/blog\/wp-json\/wp\/v2\/comments?post=362"}],"version-history":[{"count":5,"href":"https:\/\/estilodevidaurbano.com.br\/blog\/wp-json\/wp\/v2\/posts\/362\/revisions"}],"predecessor-version":[{"id":474,"href":"https:\/\/estilodevidaurbano.com.br\/blog\/wp-json\/wp\/v2\/posts\/362\/revisions\/474"}],"wp:featuredmedia":[{"embeddable":true,"href":"https:\/\/estilodevidaurbano.com.br\/blog\/wp-json\/wp\/v2\/media\/472"}],"wp:attachment":[{"href":"https:\/\/estilodevidaurbano.com.br\/blog\/wp-json\/wp\/v2\/media?parent=362"}],"wp:term":[{"taxonomy":"category","embeddable":true,"href":"https:\/\/estilodevidaurbano.com.br\/blog\/wp-json\/wp\/v2\/categories?post=362"},{"taxonomy":"post_tag","embeddable":true,"href":"https:\/\/estilodevidaurbano.com.br\/blog\/wp-json\/wp\/v2\/tags?post=362"}],"curies":[{"name":"wp","href":"https:\/\/api.w.org\/{rel}","templated":true}]}}