{"id":380,"date":"2017-11-15T21:52:28","date_gmt":"2017-11-15T21:52:28","guid":{"rendered":"http:\/\/blog.estilodevidaurbano.com.br\/?p=380"},"modified":"2018-03-02T17:53:27","modified_gmt":"2018-03-02T17:53:27","slug":"cultura-em-belem","status":"publish","type":"post","link":"https:\/\/estilodevidaurbano.com.br\/blog\/cultura-em-belem\/","title":{"rendered":"Aproveite uma tarde de cultura em Bel\u00e9m"},"content":{"rendered":"<p style=\"text-align: justify;\"><span style=\"font-weight: 400;\">A tarde \u00e9 o momento mais agitado do dia para quem vive em uma metr\u00f3pole, mas sempre h\u00e1 tempo para respirar um pouco de <\/span><b>cultura em Bel\u00e9m<\/b><span style=\"font-weight: 400;\">! <\/span><\/p>\n<p style=\"text-align: justify;\"><span style=\"font-weight: 400;\">Logo depois do almo\u00e7o, bate aquela vontade de ficar s\u00f3 curtindo o resto do dia\u2026 Apesar disso, quem \u00e9 urbano reconhece que a tarde \u00e9 cheia de produtividade e as op\u00e7\u00f5es culturais de Bel\u00e9m s\u00e3o t\u00e3o variadas que n\u00e3o d\u00e1 para ficar parado. Separamos algumas op\u00e7\u00f5es para voc\u00ea respirar o melhor da <\/span><b>cultura em Bel\u00e9m<\/b><span style=\"font-weight: 400;\">. Confira:<\/span><\/p>\n<h3 style=\"text-align: left;\">Brigaderie<\/h3>\n<p style=\"text-align: justify;\"><span style=\"font-weight: 400;\">Antes de come\u00e7ar a explorar a <\/span><b>cultura em Bel\u00e9m<\/b><span style=\"font-weight: 400;\">, que tal uma deliciosa sobremesa? Nossa dica \u00e9 a <\/span><b>Brigaderie<\/b><span style=\"font-weight: 400;\">!<\/span><\/p>\n<p style=\"text-align: justify;\"><span style=\"font-weight: 400;\">A poucos metros do <\/span><a href=\"http:\/\/blog.estilodevidaurbano.com.br\/roteiro-de-belem\/\"><span style=\"font-weight: 400;\">Privil\u00e8ge Rest\u00f4<\/span><\/a><span style=\"font-weight: 400;\">, voc\u00ea encontra uma das melhores docerias e caf\u00e9s da cidade. Nada melhor do que uma sobremesa especial para dar bastante energia para curtir a cidade &#8211; ainda mais quando acompanhada por um \u00f3timo caf\u00e9!<\/span><\/p>\n<p><img loading=\"lazy\" decoding=\"async\" class=\"aligncenter wp-image-482 size-md-ver\" src=\"http:\/\/blog.estilodevidaurbano.com.br\/wp-content\/uploads\/2017\/11\/cultura-em-bel\u00e9m-2-540x720.jpg\" alt=\"cultura-em-bel\u00e9m-2\" width=\"540\" height=\"720\" srcset=\"https:\/\/estilodevidaurbano.com.br\/blog\/wp-content\/uploads\/2017\/11\/cultura-em-bel\u00e9m-2-540x720.jpg 540w, https:\/\/estilodevidaurbano.com.br\/blog\/wp-content\/uploads\/2017\/11\/cultura-em-bel\u00e9m-2-225x300.jpg 225w, https:\/\/estilodevidaurbano.com.br\/blog\/wp-content\/uploads\/2017\/11\/cultura-em-bel\u00e9m-2.jpg 720w\" sizes=\"auto, (max-width: 540px) 100vw, 540px\" \/><\/p>\n<p style=\"text-align: justify;\"><span style=\"font-weight: 400;\">A Brigaderie usa ingredientes locais de forma criativa e inovadora. Aposte no capuccino de bacuri com um brigadeiro de cupua\u00e7u. E, se sobrar espa\u00e7o, saboreie os famosos brigadeiros <\/span><i><span style=\"font-weight: 400;\">gourmets<\/span><\/i><span style=\"font-weight: 400;\">. <\/span><\/p>\n<p style=\"text-align: justify;\"><b>Servi\u00e7o:<\/b><span style=\"font-weight: 400;\"><br \/>\n<\/span><span style=\"font-weight: 400;\">Av. Serzedelo Corr\u00eaa, 715<\/span><span style=\"font-weight: 400;\"><br \/>\n<\/span><span style=\"font-weight: 400;\">Hor\u00e1rio: segunda, das 14h \u00e0s 20h30; de ter\u00e7a a sexta, das 12h \u00e0s 22h; e nos finais de semana, das 08h \u00e0s 22h.<\/span><span style=\"font-weight: 400;\"><br \/>\n<\/span><span style=\"font-weight: 400;\">Telefones: (91) 3223-5729 e (91) 98725-8353<\/span><\/p>\n<h3 style=\"text-align: left;\">Vamos explorar?<\/h3>\n<p style=\"text-align: justify;\"><span style=\"font-weight: 400;\">A arte contempor\u00e2nea saiu dos museus para interagir com as pessoas em seu cotidiano. Permite que enxerguemos a cidade de uma forma que antes n\u00e3o ser\u00edamos capazes de ver, com outros olhos, e faz com que possamos entender, pensar e repensar o estilo de vida urbano. <\/span><a href=\"http:\/\/blog.estilodevidaurbano.com.br\/arquitetura-personalizada-next\/\"><span style=\"font-weight: 400;\">Escolher um im\u00f3vel<\/span><\/a><span style=\"font-weight: 400;\"> em uma grande cidade \u00e9 como a arte: <\/span><b>expressa quem somos realmente<\/b><span style=\"font-weight: 400;\">.<\/span><\/p>\n<p><span style=\"font-weight: 400;\">O <\/span><b>Museu de Arte Brasil-Estados Unidos \u2013 MABEU<\/b><span style=\"font-weight: 400;\">, que fica no <\/span><b>Centro Cultural Brasil-Estados Unidos<\/b><span style=\"font-weight: 400;\">, \u00e9 o maior museu privado do Par\u00e1. O conselho curador \u00e9 composto por pessoas como <\/span><b>Jorge Eir\u00f3<\/b><span style=\"font-weight: 400;\">, <\/span><b>Yeda Potiguar<\/b><span style=\"font-weight: 400;\">, <\/span><b>Geraldo Teixeira<\/b><span style=\"font-weight: 400;\"> e <\/span><b>Jorge Alex Nunes Athias<\/b><span style=\"font-weight: 400;\">.<\/span><\/p>\n<p><img loading=\"lazy\" decoding=\"async\" class=\"aligncenter size-md wp-image-480\" src=\"http:\/\/blog.estilodevidaurbano.com.br\/wp-content\/uploads\/2017\/11\/cultura-em-bel\u00e9m-3-720x480.jpg\" alt=\"cultura-em-bel\u00e9m-3\" width=\"720\" height=\"480\" srcset=\"https:\/\/estilodevidaurbano.com.br\/blog\/wp-content\/uploads\/2017\/11\/cultura-em-bel\u00e9m-3-720x480.jpg 720w, https:\/\/estilodevidaurbano.com.br\/blog\/wp-content\/uploads\/2017\/11\/cultura-em-bel\u00e9m-3-300x200.jpg 300w, https:\/\/estilodevidaurbano.com.br\/blog\/wp-content\/uploads\/2017\/11\/cultura-em-bel\u00e9m-3-768x512.jpg 768w, https:\/\/estilodevidaurbano.com.br\/blog\/wp-content\/uploads\/2017\/11\/cultura-em-bel\u00e9m-3-1024x683.jpg 1024w, https:\/\/estilodevidaurbano.com.br\/blog\/wp-content\/uploads\/2017\/11\/cultura-em-bel\u00e9m-3.jpg 1063w\" sizes=\"auto, (max-width: 720px) 100vw, 720px\" \/><\/p>\n<p style=\"text-align: justify;\"><span style=\"font-weight: 400;\">Gra\u00e7as ao acervo de mais de 800 obras de arte, uma visita ao MABEU \u00e9 certeza de sempre se encantar e ter um novo olhar da cidade. Al\u00e9m disso, esse \u00e9 o local ideal para conhecer novos nomes de diversas \u00e1reas da arte. Desde 1991, \u00e9 realizado no museu o Sal\u00e3o de Arte Primeiros Passos, que revela novos talentos no campo das artes visuais.<\/span><\/p>\n<p style=\"text-align: justify;\"><b>Servi\u00e7o: <\/b><span style=\"font-weight: 400;\"><br \/>\n<\/span><span style=\"font-weight: 400;\">Trav. Padre Eut\u00edquio, 1309<\/span><span style=\"font-weight: 400;\"><br \/>\n<\/span><span style=\"font-weight: 400;\">Hor\u00e1rio: de ter\u00e7a a sexta, das 9h \u00e0s 12h e das 14h \u00e0s 19h, e nos s\u00e1bados das 9h \u00e0s 12h.<\/span><span style=\"font-weight: 400;\"><br \/>\n<\/span><span style=\"font-weight: 400;\">Telefone: (91) 3221-6116<\/span><\/p>\n<p>&nbsp;<\/p>\n","protected":false},"excerpt":{"rendered":"<div class=\"post-excerpt\">A tarde \u00e9 o momento mais agitado do dia para quem vive em uma metr\u00f3pole, mas sempre h\u00e1 tempo para respirar um pouco de cultura em Bel\u00e9m! Logo depois do&hellip;<\/div>\n<div class=\"post-more\"><a href=\"https:\/\/estilodevidaurbano.com.br\/blog\/cultura-em-belem\/\" class=\"btn btn-primary btn-effect btn-lg\"><span>Ver Post<\/span><span><i class=\"icon icon-arrow-right\"><\/i><\/span><\/a><\/div>\n","protected":false},"author":3,"featured_media":481,"comment_status":"open","ping_status":"open","sticky":false,"template":"","format":"image","meta":{"footnotes":""},"categories":[8],"tags":[39,54,87,63,100,62,51,64,56],"class_list":["post-380","post","type-post","status-publish","format-image","has-post-thumbnail","hentry","category-estilo-de-vida-next","tag-bairro-batista-campos","tag-batista-campos","tag-belem","tag-brigaderie","tag-cultura","tag-cultura-em-belem","tag-estilo-de-vida-urbano","tag-mabeu","tag-next","post_format-post-format-image"],"_links":{"self":[{"href":"https:\/\/estilodevidaurbano.com.br\/blog\/wp-json\/wp\/v2\/posts\/380","targetHints":{"allow":["GET"]}}],"collection":[{"href":"https:\/\/estilodevidaurbano.com.br\/blog\/wp-json\/wp\/v2\/posts"}],"about":[{"href":"https:\/\/estilodevidaurbano.com.br\/blog\/wp-json\/wp\/v2\/types\/post"}],"author":[{"embeddable":true,"href":"https:\/\/estilodevidaurbano.com.br\/blog\/wp-json\/wp\/v2\/users\/3"}],"replies":[{"embeddable":true,"href":"https:\/\/estilodevidaurbano.com.br\/blog\/wp-json\/wp\/v2\/comments?post=380"}],"version-history":[{"count":5,"href":"https:\/\/estilodevidaurbano.com.br\/blog\/wp-json\/wp\/v2\/posts\/380\/revisions"}],"predecessor-version":[{"id":483,"href":"https:\/\/estilodevidaurbano.com.br\/blog\/wp-json\/wp\/v2\/posts\/380\/revisions\/483"}],"wp:featuredmedia":[{"embeddable":true,"href":"https:\/\/estilodevidaurbano.com.br\/blog\/wp-json\/wp\/v2\/media\/481"}],"wp:attachment":[{"href":"https:\/\/estilodevidaurbano.com.br\/blog\/wp-json\/wp\/v2\/media?parent=380"}],"wp:term":[{"taxonomy":"category","embeddable":true,"href":"https:\/\/estilodevidaurbano.com.br\/blog\/wp-json\/wp\/v2\/categories?post=380"},{"taxonomy":"post_tag","embeddable":true,"href":"https:\/\/estilodevidaurbano.com.br\/blog\/wp-json\/wp\/v2\/tags?post=380"}],"curies":[{"name":"wp","href":"https:\/\/api.w.org\/{rel}","templated":true}]}}