{"id":385,"date":"2017-11-15T23:36:59","date_gmt":"2017-11-15T23:36:59","guid":{"rendered":"http:\/\/blog.estilodevidaurbano.com.br\/?p=385"},"modified":"2018-03-02T18:40:24","modified_gmt":"2018-03-02T18:40:24","slug":"roteiro-de-belem","status":"publish","type":"post","link":"https:\/\/estilodevidaurbano.com.br\/blog\/roteiro-de-belem\/","title":{"rendered":"Roteiro de Bel\u00e9m: Dicas para aproveitar todo o estilo de vida urbano da cidade"},"content":{"rendered":"<p style=\"text-align: justify;\"><b>Bel\u00e9m<\/b> \u00e9 uma cidade cosmopolita, que re\u00fane os mais variados estilos. \u00c9 uma cidade que n\u00e3o para e est\u00e1 a todo momento tentando se reinventar com foco no futuro. Ser urbano em Bel\u00e9m \u00e9 aproveitar o que a cidade tem de melhor, e o bairro que melhor define o <b>estilo de vida urbano<\/b> \u00e9 o bairro <a href=\"http:\/\/blog.estilodevidaurbano.com.br\/tag\/batista-campos\/\"><b>Batista Campos<\/b><\/a>. Neste <b>roteiro de Bel\u00e9m<\/b>, vamos explorar o bairro e dar as dicas de como curtir a cidade ao m\u00e1ximo. Confira:<\/p>\n<h3 style=\"text-align: left;\">Padaria Sagres<\/h3>\n<p style=\"text-align: justify;\"><span style=\"font-weight: 400;\">O estilo de vida urbano come\u00e7a no caf\u00e9 da manh\u00e3; sabe aquela padaria tradicional, que mistura hist\u00f3ria, charme e comidinhas deliciosas!? \u00c9 a <\/span><b>Padaria Sagres<\/b><span style=\"font-weight: 400;\">, a primeira parada em nosso <\/span><b>roteiro de Bel\u00e9m<\/b><span style=\"font-weight: 400;\">! Aqui, voc\u00ea tem um caf\u00e9 da manh\u00e3 especial, cheio dos sabores locais, em um ambiente refrigerado e aconchegante. Nossa dica para come\u00e7ar bem o dia, cheio de estilo de vida urbano, \u00e9 pedir uma tapioquinha de queijo Maraj\u00f3, deliciosa e feita na hora.<\/span><\/p>\n<figure id=\"attachment_371\" aria-describedby=\"caption-attachment-371\" style=\"width: 450px\" class=\"wp-caption aligncenter\"><img loading=\"lazy\" decoding=\"async\" class=\"size-full wp-image-371\" src=\"http:\/\/blog.estilodevidaurbano.com.br\/wp-content\/uploads\/2017\/11\/Tapioca-de-Manteiga.jpg\" alt=\"roteiro-de-bel\u00e9m-2\" width=\"450\" height=\"299\" srcset=\"https:\/\/estilodevidaurbano.com.br\/blog\/wp-content\/uploads\/2017\/11\/Tapioca-de-Manteiga.jpg 450w, https:\/\/estilodevidaurbano.com.br\/blog\/wp-content\/uploads\/2017\/11\/Tapioca-de-Manteiga-300x199.jpg 300w\" sizes=\"auto, (max-width: 450px) 100vw, 450px\" \/><figcaption id=\"caption-attachment-371\" class=\"wp-caption-text\">Tapioquinha com queijo Maraj\u00f3: tudo a ver com o estilo de vida urbano de Bel\u00e9m<\/figcaption><\/figure>\n<p style=\"text-align: justify;\"><span style=\"font-weight: 400;\">A Sagres conta, tamb\u00e9m, com uma variedade de p\u00e3es especiais, como o de calabresa ou o com recheio de queijo do reino. Aproveite! <\/span><\/p>\n<p><b>Servi\u00e7o:<\/b><span style=\"font-weight: 400;\"><br \/>\n<\/span><span style=\"font-weight: 400;\">Rua dos Caripunas, 1717<\/span><span style=\"font-weight: 400;\"><br \/>\n<\/span><span style=\"font-weight: 400;\">Hor\u00e1rio: de segunda a s\u00e1bado, das 06h \u00e0s 20h30<\/span><span style=\"font-weight: 400;\"><br \/>\n<\/span><span style=\"font-weight: 400;\">Telefone: (91) 3223-9123<\/span><\/p>\n<h3 style=\"text-align: left;\">Pra\u00e7a Batista Campos<\/h3>\n<p style=\"text-align: justify;\"><span style=\"font-weight: 400;\">Ap\u00f3s carregar as energias para come\u00e7ar bem o dia, deixe o carro em casa e aproveite para explorar a cidade a p\u00e9! A <\/span><a href=\"http:\/\/blog.estilodevidaurbano.com.br\/batista-campos-belem\/\"><b>Pra\u00e7a Batista Campos<\/b><\/a> <span style=\"font-weight: 400;\">\u00e9 aquele lugar que encanta pelo charme das samaumeiras e mangueiras centen\u00e1rias. Aproveite o espa\u00e7o cheio de verde para fazer uma caminhada, correr, se exercitar ou simplesmente passear em um dos lugares mais bonitos da cidade.<\/span><\/p>\n<p><img loading=\"lazy\" decoding=\"async\" class=\"aligncenter size-md wp-image-476\" src=\"http:\/\/blog.estilodevidaurbano.com.br\/wp-content\/uploads\/2017\/11\/roteiro-de-bel\u00e9m-3-720x478.jpg\" alt=\"roteiro-de-bel\u00e9m-3\" width=\"720\" height=\"478\" srcset=\"https:\/\/estilodevidaurbano.com.br\/blog\/wp-content\/uploads\/2017\/11\/roteiro-de-bel\u00e9m-3-720x478.jpg 720w, https:\/\/estilodevidaurbano.com.br\/blog\/wp-content\/uploads\/2017\/11\/roteiro-de-bel\u00e9m-3-300x199.jpg 300w, https:\/\/estilodevidaurbano.com.br\/blog\/wp-content\/uploads\/2017\/11\/roteiro-de-bel\u00e9m-3-768x510.jpg 768w, https:\/\/estilodevidaurbano.com.br\/blog\/wp-content\/uploads\/2017\/11\/roteiro-de-bel\u00e9m-3-1024x680.jpg 1024w, https:\/\/estilodevidaurbano.com.br\/blog\/wp-content\/uploads\/2017\/11\/roteiro-de-bel\u00e9m-3.jpg 1029w\" sizes=\"auto, (max-width: 720px) 100vw, 720px\" \/><\/p>\n<p style=\"text-align: justify;\"><span style=\"font-weight: 400;\">Ao passear na Pra\u00e7a, voc\u00ea tem um novo olhar do bairro <\/span><a href=\"http:\/\/blog.estilodevidaurbano.com.br\/tag\/batista-campos\/\"><span style=\"font-weight: 400;\">Batista Campos<\/span><\/a><span style=\"font-weight: 400;\"> &#8211; um bairro nobre, com \u00f3tima localiza\u00e7\u00e3o na regi\u00e3o central de Bel\u00e9m, onde h\u00e1 sempre algo de bom para fazer, visitar e degustar &#8211; um <\/span><a href=\"http:\/\/blog.estilodevidaurbano.com.br\/melhor-bairro-belem\/\"><span style=\"font-weight: 400;\">\u00f3timo lugar para morar<\/span><\/a><span style=\"font-weight: 400;\">. No bairro, est\u00e1 localizado o nosso empreendimento <\/span><b>Next On 399<\/b><span style=\"font-weight: 400;\">, <\/span><a href=\"https:\/\/campanha.estilodevidaurbano.com.br\/next-on-399\"><span style=\"font-weight: 400;\">saiba mais<\/span><\/a><span style=\"font-weight: 400;\">!<\/span><\/p>\n<h3 style=\"text-align: left;\">Privil\u00e8ge Rest\u00f4<\/h3>\n<p style=\"text-align: justify;\"><span style=\"font-weight: 400;\">Ser urbano em Bel\u00e9m \u00e9 celebrar a culin\u00e1ria local! A gastronomia \u00e9 um dos grandes orgulhos de Bel\u00e9m e a cidade oferece uma mescla entre cozinha internacional e pratos tradicionais, sendo reconhecida nacionalmente. A pr\u00f3xima parada do nosso <\/span><b>roteiro de Bel\u00e9m <\/b><span style=\"font-weight: 400;\">n\u00e3o poderia ser outra sen\u00e3o o <\/span><a href=\"https:\/\/www.facebook.com\/privilegebelem\/\"><b>Privil\u00e8ge Rest\u00f4<\/b><\/a><span style=\"font-weight: 400;\">, um \u00f3timo exemplo da alta gastronomia da cidade. <\/span><\/p>\n<p><img loading=\"lazy\" decoding=\"async\" class=\"aligncenter size-full wp-image-477\" src=\"http:\/\/blog.estilodevidaurbano.com.br\/wp-content\/uploads\/2017\/11\/roteiro-de-bel\u00e9m-4.jpg\" alt=\"roteiro-de-bel\u00e9m-4\" width=\"600\" height=\"400\" srcset=\"https:\/\/estilodevidaurbano.com.br\/blog\/wp-content\/uploads\/2017\/11\/roteiro-de-bel\u00e9m-4.jpg 600w, https:\/\/estilodevidaurbano.com.br\/blog\/wp-content\/uploads\/2017\/11\/roteiro-de-bel\u00e9m-4-300x200.jpg 300w\" sizes=\"auto, (max-width: 600px) 100vw, 600px\" \/><\/p>\n<p style=\"text-align: justify;\"><span style=\"font-weight: 400;\">Projetado pelo arquiteto <\/span><b>Paulo Chaves<\/b><span style=\"font-weight: 400;\">, o Privil\u00e8ge \u00e9 um dos mais requisitados restaurantes da cidade. No almo\u00e7o, o lugar oferece o <\/span><i><span style=\"font-weight: 400;\">buffet<\/span><\/i><span style=\"font-weight: 400;\"> a quilo, com pratos da cozinha internacional e adega com mais de 70 r\u00f3tulos para quem aprecia um bom vinho. A dica \u00e9 pegar uma mesa no terra\u00e7o, com vista privilegiada da cidade e da <\/span><a href=\"http:\/\/blog.estilodevidaurbano.com.br\/batista-campos-belem\/\"><span style=\"font-weight: 400;\">Pra\u00e7a Batista Campos<\/span><\/a><span style=\"font-weight: 400;\">.<\/span><\/p>\n<p style=\"text-align: justify;\"><b>Servi\u00e7o: <\/b><span style=\"font-weight: 400;\"><br \/>\n<\/span><span style=\"font-weight: 400;\">Av. Serzedelo Corr\u00eaa, 681<\/span><span style=\"font-weight: 400;\"><br \/>\n<\/span><span style=\"font-weight: 400;\">Hor\u00e1rio: Domingo e segunda-feira, das 11h30 \u00e0s 15h30, e de ter\u00e7a a s\u00e1bado, das 11h30 \u00e0s 15h30 e das 19h \u00e0s 00h.<\/span><span style=\"font-weight: 400;\"><br \/>\n<\/span><span style=\"font-weight: 400;\">Telefone: (91) 98418-0027<\/span><\/p>\n<h3 style=\"text-align: left;\">IceBode<\/h3>\n<p style=\"text-align: justify;\"><span style=\"font-weight: 400;\">O calor da tarde exige: <\/span><b>\u00e9 hora do sorvete<\/b><span style=\"font-weight: 400;\">! A ind\u00fastria sorveteira foi reinventada nos \u00faltimos anos com o surgimento de sorveterias <\/span><i><span style=\"font-weight: 400;\">premium<\/span><\/i><span style=\"font-weight: 400;\">, com mat\u00e9rias primas de alta qualidade. As sorveterias tradicionais foram revalorizadas e todos n\u00f3s ganhamos com isso. No <\/span><b>roteiro de Bel\u00e9m<\/b><span style=\"font-weight: 400;\">, a sobremesa ideal voc\u00ea encontra na sorveteria <\/span><a href=\"http:\/\/www.icebode.com.br\/\"><b>IceBode<\/b><\/a><span style=\"font-weight: 400;\">. <\/span><\/p>\n<p style=\"text-align: justify;\"><span style=\"font-weight: 400;\">A sorveteria busca nos sabores locais o diferencial para atrair uma clientela que curte novas experi\u00eancias e quer relembrar aqueles sabores da inf\u00e2ncia. Afinal, tradi\u00e7\u00e3o e modernidade fazem parte do estilo de vida urbano. <\/span><\/p>\n<p><img loading=\"lazy\" decoding=\"async\" class=\"aligncenter size-full wp-image-478\" src=\"http:\/\/blog.estilodevidaurbano.com.br\/wp-content\/uploads\/2017\/11\/roteiro-de-bel\u00e9m-5.jpg\" alt=\"roteiro-de-bel\u00e9m-5\" width=\"620\" height=\"412\" srcset=\"https:\/\/estilodevidaurbano.com.br\/blog\/wp-content\/uploads\/2017\/11\/roteiro-de-bel\u00e9m-5.jpg 620w, https:\/\/estilodevidaurbano.com.br\/blog\/wp-content\/uploads\/2017\/11\/roteiro-de-bel\u00e9m-5-300x199.jpg 300w\" sizes=\"auto, (max-width: 620px) 100vw, 620px\" \/><\/p>\n<p style=\"text-align: justify;\"><span style=\"font-weight: 400;\">N\u00e3o hesite em pedir uma casquinha de <\/span><i><span style=\"font-weight: 400;\">Paz e Amor<\/span><\/i><span style=\"font-weight: 400;\"> &#8211; um sabor legitimamente paraense, que re\u00fane o melhor desse mundo: a cremosidade com toque de croc\u00e2ncia que voc\u00ea encontra na mistura do sorvete de tapioca com o sabor inigual\u00e1vel do a\u00e7a\u00ed.<\/span><\/p>\n<p style=\"text-align: justify;\"><b>Servi\u00e7o: <\/b><span style=\"font-weight: 400;\"><br \/>\n<\/span><span style=\"font-weight: 400;\">Rua Serzedelo Corr\u00eaa, 1000<\/span><span style=\"font-weight: 400;\"><br \/>\n<\/span><span style=\"font-weight: 400;\">Hor\u00e1rio: De segunda a sexta, das 11h \u00e0s 23h, e nos finais de semana das 10h \u00e0s 23h.<\/span><span style=\"font-weight: 400;\"><br \/>\n<\/span><span style=\"font-weight: 400;\">Telefone: (91) 3224-5462<\/span><\/p>\n<h3 style=\"text-align: left;\">Shopping P\u00e1tio Bel\u00e9m<\/h3>\n<p style=\"text-align: justify;\"><span style=\"font-weight: 400;\">Bel\u00e9m tem v\u00e1rios centros de compra e um dos mais tradicionais est\u00e1 no <\/span><a href=\"http:\/\/blog.estilodevidaurbano.com.br\/tag\/batista-campos\/\"><span style=\"font-weight: 400;\">Batista Campos<\/span><\/a><span style=\"font-weight: 400;\">. O pr\u00f3ximo destino do <\/span><b>roteiro de Bel\u00e9m<\/b><span style=\"font-weight: 400;\"> \u00e9 o <\/span><a href=\"http:\/\/patiobelem.com.br\/index.asp\"><b>Shopping P\u00e1tio Bel\u00e9m<\/b><\/a><span style=\"font-weight: 400;\">, que<\/span> <span style=\"font-weight: 400;\">conta com 5 <\/span><i><span style=\"font-weight: 400;\">megastores<\/span><\/i><span style=\"font-weight: 400;\">, 8 lojas \u00e2ncoras, academia e 6 salas de cinema &#8211; ou seja, \u00e9 perfeito para aquele passeio em fam\u00edlia ou para quem fazer suas tarefas do dia a dia de um jeito facilitado, j\u00e1 que re\u00fane v\u00e1rios servi\u00e7os em um s\u00f3 lugar.<\/span><\/p>\n<p><img loading=\"lazy\" decoding=\"async\" class=\"aligncenter size-full wp-image-377\" src=\"http:\/\/blog.estilodevidaurbano.com.br\/wp-content\/uploads\/2017\/11\/Imagem1.png\" alt=\"roteiro-de-bel\u00e9m-6\" width=\"451\" height=\"251\" srcset=\"https:\/\/estilodevidaurbano.com.br\/blog\/wp-content\/uploads\/2017\/11\/Imagem1.png 451w, https:\/\/estilodevidaurbano.com.br\/blog\/wp-content\/uploads\/2017\/11\/Imagem1-300x167.png 300w\" sizes=\"auto, (max-width: 451px) 100vw, 451px\" \/><\/p>\n<p style=\"text-align: justify;\"><span style=\"font-weight: 400;\">Quem <\/span><a href=\"http:\/\/blog.estilodevidaurbano.com.br\/buscar-um-novo-imovel\/\"><span style=\"font-weight: 400;\">quer morar bem<\/span><\/a><span style=\"font-weight: 400;\"> sabe como ter um <\/span><i><span style=\"font-weight: 400;\">shopping<\/span><\/i><span style=\"font-weight: 400;\"> por perto pode fazer toda a diferen\u00e7a no seu estilo de vida urbano. Al\u00e9m de lojas das marcas mais conceituadas, voc\u00ea pode realizar transa\u00e7\u00f5es banc\u00e1rias nos caixas 24hs e encontrar servi\u00e7os como assist\u00eancia t\u00e9cnica para celular, reparos de costura, entre outros.<\/span><\/p>\n<p style=\"text-align: justify;\"><b>Servi\u00e7o: <\/b><span style=\"font-weight: 400;\"><br \/>\n<\/span><span style=\"font-weight: 400;\">Travessa Padre Eut\u00edquio, 1078<\/span><span style=\"font-weight: 400;\"><br \/>\n<\/span><span style=\"font-weight: 400;\">Hor\u00e1rio: De segunda a s\u00e1bado, das 10h \u00e0s 22h. Nos domingos, a pra\u00e7a de alimenta\u00e7\u00e3o funciona das 12h \u00e0s 22h e as lojas das 13h \u00e0s 21h. <\/span><span style=\"font-weight: 400;\"><br \/>\n<\/span><span style=\"font-weight: 400;\">Telefone: (91) 4008-5800<\/span><\/p>\n<h3 style=\"text-align: left;\">Fox Livraria e Caf\u00e9<\/h3>\n<p style=\"text-align: justify;\"><span style=\"font-weight: 400;\">Para finalizar nosso <\/span><b>roteiro de Bel\u00e9m<\/b><span style=\"font-weight: 400;\">, um cl\u00e1ssico! Pr\u00f3xima da <\/span><a href=\"http:\/\/blog.estilodevidaurbano.com.br\/batista-campos-belem\/\"><span style=\"font-weight: 400;\">Pra\u00e7a Batista Campos<\/span><\/a><span style=\"font-weight: 400;\">, a <\/span><a href=\"https:\/\/www.facebook.com\/foxbelem\/\"><b>Fox<\/b><\/a><span style=\"font-weight: 400;\"> \u00e9 o ambiente ideal para a conversa, confraterniza\u00e7\u00e3o e um belo passeio entre livros.<\/span><\/p>\n<p style=\"text-align: justify;\"><span style=\"font-weight: 400;\">O lugar \u00e9 perfeito n\u00e3o s\u00f3 para quem quer passear, mas tamb\u00e9m para fazer neg\u00f3cios! O cheiro de um bom caf\u00e9 combina com v\u00e1rios outros aromas, principalmente com aquele cheiro caracter\u00edstico de um livro novo. A mistura dos dois forma um perfume novo: o da cultura e da inspira\u00e7\u00e3o! Por isso \u00e9 t\u00e3o comum que empreendedores e empres\u00e1rios tenham o h\u00e1bito de discutir neg\u00f3cios em cafeterias.<\/span><\/p>\n<figure id=\"attachment_387\" aria-describedby=\"caption-attachment-387\" style=\"width: 512px\" class=\"wp-caption aligncenter\"><img loading=\"lazy\" decoding=\"async\" class=\"size-full wp-image-387\" src=\"http:\/\/blog.estilodevidaurbano.com.br\/wp-content\/uploads\/2017\/11\/fox.jpg\" alt=\"roteiro-de-bel\u00e9m-7\" width=\"512\" height=\"288\" srcset=\"https:\/\/estilodevidaurbano.com.br\/blog\/wp-content\/uploads\/2017\/11\/fox.jpg 512w, https:\/\/estilodevidaurbano.com.br\/blog\/wp-content\/uploads\/2017\/11\/fox-300x169.jpg 300w\" sizes=\"auto, (max-width: 512px) 100vw, 512px\" \/><figcaption id=\"caption-attachment-387\" class=\"wp-caption-text\">Caf\u00e9 da Fox: um bom lugar para discutir neg\u00f3cios<\/figcaption><\/figure>\n<p style=\"text-align: justify;\"><span style=\"font-weight: 400;\">Neg\u00f3cios, um bom papo, cultura e caf\u00e9 fazem parte do estilo de vida urbano. Muitas empresas surgiram de ideias rabiscadas nos guardanapos da cafeteria. Discutir neg\u00f3cios tomando um bom caf\u00e9 \u00e9 inspirador!<\/span><\/p>\n<p style=\"text-align: justify;\"><b>Servi\u00e7o:<\/b> <span style=\"font-weight: 400;\"><br \/>\n<\/span><span style=\"font-weight: 400;\">Travessa Dr. Moraes, 584<\/span><span style=\"font-weight: 400;\"><br \/>\n<\/span><span style=\"font-weight: 400;\">Hor\u00e1rio: de segunda a domingo, das 10h \u00e0s 22h<\/span><span style=\"font-weight: 400;\"><br \/>\n<\/span><span style=\"font-weight: 400;\">Telefone: (91) 4008-0007<\/span><\/p>\n<p style=\"text-align: justify;\"><span style=\"font-weight: 400;\">Gostou das nossas dicas? O bairro Batista Campos tem muito a oferecer para quem preza pelo estilo de vida urbano! <\/span><a href=\"https:\/\/campanha.estilodevidaurbano.com.br\/next-on-399\"><span style=\"font-weight: 400;\">Conhe\u00e7a a Next<\/span><\/a><span style=\"font-weight: 400;\"> e viva o bairro 24 horas por dia! <\/span><\/p>\n","protected":false},"excerpt":{"rendered":"<div class=\"post-excerpt\">Bel\u00e9m \u00e9 uma cidade cosmopolita, que re\u00fane os mais variados estilos. \u00c9 uma cidade que n\u00e3o para e est\u00e1 a todo momento tentando se reinventar com foco no futuro. Ser&hellip;<\/div>\n<div class=\"post-more\"><a href=\"https:\/\/estilodevidaurbano.com.br\/blog\/roteiro-de-belem\/\" class=\"btn btn-primary btn-effect btn-lg\"><span>Ver Post<\/span><span><i class=\"icon icon-arrow-right\"><\/i><\/span><\/a><\/div>\n","protected":false},"author":3,"featured_media":475,"comment_status":"open","ping_status":"open","sticky":false,"template":"","format":"image","meta":{"footnotes":""},"categories":[7,8],"tags":[39,54,87,99,57,72,69,97,70,56,98,73],"class_list":["post-385","post","type-post","status-publish","format-image","has-post-thumbnail","hentry","category-business","category-estilo-de-vida-next","tag-bairro-batista-campos","tag-batista-campos","tag-belem","tag-cafe-da-fox","tag-cafe-da-manha","tag-cafeteria","tag-discutir-negocios","tag-icebode","tag-livraria-fox","tag-next","tag-roteiro-de-belem","tag-sorvete","post_format-post-format-image"],"_links":{"self":[{"href":"https:\/\/estilodevidaurbano.com.br\/blog\/wp-json\/wp\/v2\/posts\/385","targetHints":{"allow":["GET"]}}],"collection":[{"href":"https:\/\/estilodevidaurbano.com.br\/blog\/wp-json\/wp\/v2\/posts"}],"about":[{"href":"https:\/\/estilodevidaurbano.com.br\/blog\/wp-json\/wp\/v2\/types\/post"}],"author":[{"embeddable":true,"href":"https:\/\/estilodevidaurbano.com.br\/blog\/wp-json\/wp\/v2\/users\/3"}],"replies":[{"embeddable":true,"href":"https:\/\/estilodevidaurbano.com.br\/blog\/wp-json\/wp\/v2\/comments?post=385"}],"version-history":[{"count":5,"href":"https:\/\/estilodevidaurbano.com.br\/blog\/wp-json\/wp\/v2\/posts\/385\/revisions"}],"predecessor-version":[{"id":479,"href":"https:\/\/estilodevidaurbano.com.br\/blog\/wp-json\/wp\/v2\/posts\/385\/revisions\/479"}],"wp:featuredmedia":[{"embeddable":true,"href":"https:\/\/estilodevidaurbano.com.br\/blog\/wp-json\/wp\/v2\/media\/475"}],"wp:attachment":[{"href":"https:\/\/estilodevidaurbano.com.br\/blog\/wp-json\/wp\/v2\/media?parent=385"}],"wp:term":[{"taxonomy":"category","embeddable":true,"href":"https:\/\/estilodevidaurbano.com.br\/blog\/wp-json\/wp\/v2\/categories?post=385"},{"taxonomy":"post_tag","embeddable":true,"href":"https:\/\/estilodevidaurbano.com.br\/blog\/wp-json\/wp\/v2\/tags?post=385"}],"curies":[{"name":"wp","href":"https:\/\/api.w.org\/{rel}","templated":true}]}}