{"id":391,"date":"2017-11-16T01:04:06","date_gmt":"2017-11-16T01:04:06","guid":{"rendered":"http:\/\/blog.estilodevidaurbano.com.br\/?p=391"},"modified":"2018-05-16T12:29:23","modified_gmt":"2018-05-16T12:29:23","slug":"final-de-tarde-em-belem","status":"publish","type":"post","link":"https:\/\/estilodevidaurbano.com.br\/blog\/final-de-tarde-em-belem\/","title":{"rendered":"Final de tarde em Bel\u00e9m: hora de apreciar os sabores da cidade"},"content":{"rendered":"<p style=\"text-align: justify;\"><span style=\"font-weight: 400;\">N\u00e3o importa o qu\u00e3o quente esteja o dia, a tradi\u00e7\u00e3o do final de tarde em Bel\u00e9m \u00e9 tomar um <\/span><b>tacac\u00e1<\/b><span style=\"font-weight: 400;\">. O h\u00e1bito faz parte da mem\u00f3ria afetiva e do <\/span><i><span style=\"font-weight: 400;\">Estilo de Vida Urban<\/span><\/i><b><i>o<\/i><\/b><span style=\"font-weight: 400;\"> de uma cidade que \u00e9 ligada \u00e0s tradi\u00e7\u00f5es, mas que n\u00e3o deixa de olhar para o futuro. <\/span><\/p>\n<p style=\"text-align: justify;\"><span style=\"font-weight: 400;\">Bel\u00e9m tem sua pr\u00f3pria paleta de sabores, cores e aromas e \u00e9 poss\u00edvel viver tudo isso dando uma volta em <\/span><b>Batista Campos<\/b><span style=\"font-weight: 400;\"> no fim de tarde.<\/span><\/p>\n<p style=\"text-align: justify;\"><span style=\"font-weight: 400;\">O <\/span><b>tacac\u00e1<\/b><span style=\"font-weight: 400;\"> \u00e9 um dos pratos mais conhecidos da culin\u00e1ria paraense. Um dos locais mais tradicionais para se tomar o prato t\u00edpico fica bem pertinho da <\/span><a href=\"http:\/\/blog.estilodevidaurbano.com.br\/batista-campos-belem\/\"><span style=\"font-weight: 400;\">Pra\u00e7a Batista Campos<\/span><\/a><span style=\"font-weight: 400;\">: o <\/span><b>Tacac\u00e1 474<\/b><span style=\"font-weight: 400;\"> \u00e9 conhecido pelo tucupi saboroso e temperado na medida certa &#8211; al\u00e9m da goma, do jambu e do camar\u00e3o que d\u00e3o um sabor todo especial.<\/span><\/p>\n<p style=\"text-align: justify;\"><span style=\"font-weight: 400;\">Al\u00e9m do tacac\u00e1, l\u00e1 voc\u00ea tamb\u00e9m pode aproveitar o final de tarde em Bel\u00e9m com outros pratos tradicionais, como o vatap\u00e1, o caruru e o arroz paraense com camar\u00e3o, que mostram toda a riqueza da culin\u00e1ria local. <\/span><\/p>\n<p style=\"text-align: justify;\"><span style=\"font-weight: 400;\"><strong>Servi\u00e7o:<\/strong> <\/span><span style=\"font-weight: 400;\"><br \/>\n<\/span><span style=\"font-weight: 400;\">Travessa dos Apinag\u00e9s, 474<\/span><span style=\"font-weight: 400;\"><br \/>\n<\/span><span style=\"font-weight: 400;\">Telefone: (91) 3222-9082<\/span><\/p>\n<p><img loading=\"lazy\" decoding=\"async\" class=\"aligncenter size-md wp-image-486\" src=\"http:\/\/blog.estilodevidaurbano.com.br\/wp-content\/uploads\/2017\/11\/final-tarde-bel\u00e9m-2-720x480.jpg\" alt=\"final-tarde-bel\u00e9m-2\" width=\"720\" height=\"480\" srcset=\"https:\/\/estilodevidaurbano.com.br\/blog\/wp-content\/uploads\/2017\/11\/final-tarde-bel\u00e9m-2-720x480.jpg 720w, https:\/\/estilodevidaurbano.com.br\/blog\/wp-content\/uploads\/2017\/11\/final-tarde-bel\u00e9m-2-300x200.jpg 300w, https:\/\/estilodevidaurbano.com.br\/blog\/wp-content\/uploads\/2017\/11\/final-tarde-bel\u00e9m-2-768x512.jpg 768w, https:\/\/estilodevidaurbano.com.br\/blog\/wp-content\/uploads\/2017\/11\/final-tarde-bel\u00e9m-2-1024x683.jpg 1024w, https:\/\/estilodevidaurbano.com.br\/blog\/wp-content\/uploads\/2017\/11\/final-tarde-bel\u00e9m-2.jpg 1500w\" sizes=\"auto, (max-width: 720px) 100vw, 720px\" \/><\/p>\n<p style=\"text-align: justify;\"><span style=\"font-weight: 400;\">Sabe qual outro programa tamb\u00e9m tem tudo a ver com o final de tarde em Bel\u00e9m? Refrescar-se com uma <\/span><b>\u00e1gua de coco<\/b><span style=\"font-weight: 400;\"> na <\/span><b>Pra\u00e7a Batista Campos<\/b><span style=\"font-weight: 400;\">!<\/span><\/p>\n<p style=\"text-align: justify;\"><span style=\"font-weight: 400;\">O fim de tarde \u00e9 aquele momento em que o estado de esp\u00edrito dita o ritmo de como ser\u00e1 a <a href=\"http:\/\/blog.estilodevidaurbano.com.br\/vida-noturna-de-belem\/\">noite<\/a>. Entregue-se a um passeio na Pra\u00e7a Batista Campos: sente em um banco, veja o sol se p\u00f4r, converse e observe o movimento das gar\u00e7as nas copas das \u00e1rvores. Aproveite para tomar uma \u00e1gua de coco geladinha de uma das in\u00fameras barracas que circundam o local &#8211; esta \u00e9 uma forma incr\u00edvel de finalizar esse momento <\/span><i><span style=\"font-weight: 400;\">zen<\/span><\/i><span style=\"font-weight: 400;\"> do dia.<\/span><\/p>\n<figure id=\"attachment_487\" aria-describedby=\"caption-attachment-487\" style=\"width: 720px\" class=\"wp-caption aligncenter\"><img loading=\"lazy\" decoding=\"async\" class=\"size-md wp-image-487\" src=\"http:\/\/blog.estilodevidaurbano.com.br\/wp-content\/uploads\/2017\/11\/final-tarde-bel\u00e9m-3-720x480.jpg\" alt=\"final-tarde-bel\u00e9m-3\" width=\"720\" height=\"480\" srcset=\"https:\/\/estilodevidaurbano.com.br\/blog\/wp-content\/uploads\/2017\/11\/final-tarde-bel\u00e9m-3-720x480.jpg 720w, https:\/\/estilodevidaurbano.com.br\/blog\/wp-content\/uploads\/2017\/11\/final-tarde-bel\u00e9m-3-300x200.jpg 300w, https:\/\/estilodevidaurbano.com.br\/blog\/wp-content\/uploads\/2017\/11\/final-tarde-bel\u00e9m-3-768x512.jpg 768w, https:\/\/estilodevidaurbano.com.br\/blog\/wp-content\/uploads\/2017\/11\/final-tarde-bel\u00e9m-3-1024x683.jpg 1024w, https:\/\/estilodevidaurbano.com.br\/blog\/wp-content\/uploads\/2017\/11\/final-tarde-bel\u00e9m-3.jpg 1600w\" sizes=\"auto, (max-width: 720px) 100vw, 720px\" \/><figcaption id=\"caption-attachment-487\" class=\"wp-caption-text\">Foto: Blog Cada Caso Um Caso<\/figcaption><\/figure>\n<p style=\"text-align: justify;\">Isso tudo reflete o estilo de vida de quem vive no bairro &#8211; poder viver a agita\u00e7\u00e3o da metr\u00f3pole com momentos de lazer e descontra\u00e7\u00e3o.<\/p>\n<p style=\"text-align: justify;\"><span style=\"font-weight: 400;\">Essa vida ecl\u00e9tica tamb\u00e9m est\u00e1 refletida nos mais modernos im\u00f3veis da regi\u00e3o, que misturam a tecnologia da <\/span><a href=\"http:\/\/blog.estilodevidaurbano.com.br\/automacao-residencial\/\"><span style=\"font-weight: 400;\">automa\u00e7\u00e3o residencial<\/span><\/a><span style=\"font-weight: 400;\"> com plantas inteligentes que permitem que voc\u00ea <\/span><a href=\"http:\/\/blog.estilodevidaurbano.com.br\/buscar-um-novo-imovel\/\"><span style=\"font-weight: 400;\">adapte o im\u00f3vel ao seu ciclo de vida<\/span><\/a><span style=\"font-weight: 400;\">!<\/span><\/p>\n<h3 style=\"text-align: left;\">Bairro Batista Campos<\/h3>\n<p><img loading=\"lazy\" decoding=\"async\" class=\"aligncenter size-md wp-image-484\" src=\"http:\/\/blog.estilodevidaurbano.com.br\/wp-content\/uploads\/2017\/11\/final-tarde-bel\u00e9m-4-720x480.jpg\" alt=\"final-tarde-bel\u00e9m-4\" width=\"720\" height=\"480\" srcset=\"https:\/\/estilodevidaurbano.com.br\/blog\/wp-content\/uploads\/2017\/11\/final-tarde-bel\u00e9m-4-720x480.jpg 720w, https:\/\/estilodevidaurbano.com.br\/blog\/wp-content\/uploads\/2017\/11\/final-tarde-bel\u00e9m-4-300x200.jpg 300w, https:\/\/estilodevidaurbano.com.br\/blog\/wp-content\/uploads\/2017\/11\/final-tarde-bel\u00e9m-4-768x512.jpg 768w, https:\/\/estilodevidaurbano.com.br\/blog\/wp-content\/uploads\/2017\/11\/final-tarde-bel\u00e9m-4-1024x682.jpg 1024w, https:\/\/estilodevidaurbano.com.br\/blog\/wp-content\/uploads\/2017\/11\/final-tarde-bel\u00e9m-4.jpg 2000w\" sizes=\"auto, (max-width: 720px) 100vw, 720px\" \/><\/p>\n<p style=\"text-align: justify;\"><span style=\"font-weight: 400;\">Uma das \u00e1reas mais bonitas da capital paraense &#8211; com mais de 3 mil m\u00b2 de \u00e1rea &#8211; o bairro <\/span><b>Batista Campos<\/b><span style=\"font-weight: 400;\"> \u00e9 o espa\u00e7o para quem gosta de praticar atividades f\u00edsicas ou para aqueles que buscam um momento de paz e sossego.<\/span><\/p>\n<p style=\"text-align: justify;\"><span style=\"font-weight: 400;\">Esses s\u00e3o alguns dos motivos que levaram a <\/span><b>Next Incorporadora<\/b><span style=\"font-weight: 400;\"> a escolher o bairro <\/span><b>Batista Campos<\/b><span style=\"font-weight: 400;\"> para ser lar do seu novo empreendimento, o <\/span><b>Next On 399<\/b><span style=\"font-weight: 400;\">. <\/span><a href=\"https:\/\/campanha.estilodevidaurbano.com.br\/next-on-399\"><span style=\"font-weight: 400;\">Saiba mais<\/span><\/a><span style=\"font-weight: 400;\">!<\/span><\/p>\n","protected":false},"excerpt":{"rendered":"<div class=\"post-excerpt\">N\u00e3o importa o qu\u00e3o quente esteja o dia, a tradi\u00e7\u00e3o do final de tarde em Bel\u00e9m \u00e9 tomar um tacac\u00e1. O h\u00e1bito faz parte da mem\u00f3ria afetiva e do Estilo&hellip;<\/div>\n<div class=\"post-more\"><a href=\"https:\/\/estilodevidaurbano.com.br\/blog\/final-de-tarde-em-belem\/\" class=\"btn btn-primary btn-effect btn-lg\"><span>Ver Post<\/span><span><i class=\"icon icon-arrow-right\"><\/i><\/span><\/a><\/div>\n","protected":false},"author":3,"featured_media":485,"comment_status":"open","ping_status":"open","sticky":false,"template":"","format":"image","meta":{"footnotes":""},"categories":[8],"tags":[101,39,54,51,77,102,56,75,76],"class_list":["post-391","post","type-post","status-publish","format-image","has-post-thumbnail","hentry","category-estilo-de-vida-next","tag-agua-de-coco","tag-bairro-batista-campos","tag-batista-campos","tag-estilo-de-vida-urbano","tag-final-de-tarde","tag-final-de-tarde-em-belem","tag-next","tag-praca-batista-campos","tag-tacaca","post_format-post-format-image"],"_links":{"self":[{"href":"https:\/\/estilodevidaurbano.com.br\/blog\/wp-json\/wp\/v2\/posts\/391","targetHints":{"allow":["GET"]}}],"collection":[{"href":"https:\/\/estilodevidaurbano.com.br\/blog\/wp-json\/wp\/v2\/posts"}],"about":[{"href":"https:\/\/estilodevidaurbano.com.br\/blog\/wp-json\/wp\/v2\/types\/post"}],"author":[{"embeddable":true,"href":"https:\/\/estilodevidaurbano.com.br\/blog\/wp-json\/wp\/v2\/users\/3"}],"replies":[{"embeddable":true,"href":"https:\/\/estilodevidaurbano.com.br\/blog\/wp-json\/wp\/v2\/comments?post=391"}],"version-history":[{"count":7,"href":"https:\/\/estilodevidaurbano.com.br\/blog\/wp-json\/wp\/v2\/posts\/391\/revisions"}],"predecessor-version":[{"id":494,"href":"https:\/\/estilodevidaurbano.com.br\/blog\/wp-json\/wp\/v2\/posts\/391\/revisions\/494"}],"wp:featuredmedia":[{"embeddable":true,"href":"https:\/\/estilodevidaurbano.com.br\/blog\/wp-json\/wp\/v2\/media\/485"}],"wp:attachment":[{"href":"https:\/\/estilodevidaurbano.com.br\/blog\/wp-json\/wp\/v2\/media?parent=391"}],"wp:term":[{"taxonomy":"category","embeddable":true,"href":"https:\/\/estilodevidaurbano.com.br\/blog\/wp-json\/wp\/v2\/categories?post=391"},{"taxonomy":"post_tag","embeddable":true,"href":"https:\/\/estilodevidaurbano.com.br\/blog\/wp-json\/wp\/v2\/tags?post=391"}],"curies":[{"name":"wp","href":"https:\/\/api.w.org\/{rel}","templated":true}]}}