{"id":400,"date":"2017-11-16T01:47:49","date_gmt":"2017-11-16T01:47:49","guid":{"rendered":"http:\/\/blog.estilodevidaurbano.com.br\/?p=400"},"modified":"2018-05-16T12:30:01","modified_gmt":"2018-05-16T12:30:01","slug":"vida-noturna-de-belem","status":"publish","type":"post","link":"https:\/\/estilodevidaurbano.com.br\/blog\/vida-noturna-de-belem\/","title":{"rendered":"A vida noturna de Bel\u00e9m \u00e9 cheia de estilo de vida urbano"},"content":{"rendered":"<p style=\"text-align: justify;\"><span style=\"font-weight: 400;\">Morar em uma metr\u00f3pole significa aproveitar tudo o que a cidade tem a oferecer &#8211; n\u00e3o somente as oportunidades profissionais e de neg\u00f3cios, mas tamb\u00e9m as oportunidades de curtir o que a vida tem de melhor. <\/span><\/p>\n<p style=\"text-align: justify;\"><span style=\"font-weight: 400;\">Nesse quesito, a capital paraense \u00e9 rica, repleta de energia e proporciona diversas experi\u00eancias. Neste post, contamos para voc\u00ea tudo o que h\u00e1 de bom na <\/span><b>vida noturna de Bel\u00e9m<\/b><span style=\"font-weight: 400;\">!<\/span><\/p>\n<h3 style=\"text-align: left;\">Viva a noite da sua maneira<\/h3>\n<p style=\"text-align: justify;\"><span style=\"font-weight: 400;\">J\u00e1 que cada um de n\u00f3s vive a vida do seu jeito, nada mais natural que isso se reflita na forma como curtimos a noite. Desta forma, uma programa\u00e7\u00e3o \u00e0 base de planos simples, mas que gerem prazer &#8211; com boas companhias, boa gastronomia e boa m\u00fasica &#8211; s\u00e3o perfeitos!<\/span><\/p>\n<p style=\"text-align: justify;\"><span style=\"font-weight: 400;\">Essa sensa\u00e7\u00e3o agrad\u00e1vel de sentir-se \u00e0 vontade em um lugar onde se pode brindar \u00e0 vida e criar bons momentos \u00e9 o que voc\u00ea encontra no bairro de <\/span><a href=\"http:\/\/blog.estilodevidaurbano.com.br\/tag\/batista-campos\/\"><span style=\"font-weight: 400;\">Batista Campos<\/span><\/a><span style=\"font-weight: 400;\">.<\/span><\/p>\n<p><img loading=\"lazy\" decoding=\"async\" class=\"aligncenter size-md wp-image-490\" src=\"http:\/\/blog.estilodevidaurbano.com.br\/wp-content\/uploads\/2017\/11\/vida-noturna-de-bel\u00e9m-2-720x484.jpg\" alt=\"vida-noturna-de-bel\u00e9m-2\" width=\"720\" height=\"484\" srcset=\"https:\/\/estilodevidaurbano.com.br\/blog\/wp-content\/uploads\/2017\/11\/vida-noturna-de-bel\u00e9m-2-720x484.jpg 720w, https:\/\/estilodevidaurbano.com.br\/blog\/wp-content\/uploads\/2017\/11\/vida-noturna-de-bel\u00e9m-2-300x202.jpg 300w, https:\/\/estilodevidaurbano.com.br\/blog\/wp-content\/uploads\/2017\/11\/vida-noturna-de-bel\u00e9m-2-768x516.jpg 768w, https:\/\/estilodevidaurbano.com.br\/blog\/wp-content\/uploads\/2017\/11\/vida-noturna-de-bel\u00e9m-2-1024x688.jpg 1024w, https:\/\/estilodevidaurbano.com.br\/blog\/wp-content\/uploads\/2017\/11\/vida-noturna-de-bel\u00e9m-2.jpg 1600w\" sizes=\"auto, (max-width: 720px) 100vw, 720px\" \/><\/p>\n<h3 style=\"text-align: left;\">Gastronomia sem igual<\/h3>\n<p style=\"text-align: justify;\">Nada como um bom jantar para come\u00e7ar a aproveitar a <b>vida noturna de Bel\u00e9m<\/b><span style=\"font-weight: 400;\">. Ainda que o Par\u00e1 tenha uma das melhores culin\u00e1rias do mundo, aqueles que s\u00e3o adeptos ao estilo de vida urbano querem viajar por um mundo de sabores sem precisar sair de sua cidade. Esse \u00e9 mais um ponto no qual a <\/span><b>vida noturna de Bel\u00e9m<\/b><span style=\"font-weight: 400;\"> n\u00e3o decepciona!<\/span><\/p>\n<p style=\"text-align: justify;\"><span style=\"font-weight: 400;\">Aqui, voc\u00ea encontra gastronomia de n\u00edvel internacional. Nossa dica \u00e9 o <\/span><a href=\"https:\/\/www.facebook.com\/sushibarkahori\"><b>Sushi Bar Kahori<\/b><\/a><span style=\"font-weight: 400;\"> &#8211; um dos melhores restaurantes da cidade!<\/span><\/p>\n<p><img loading=\"lazy\" decoding=\"async\" class=\"aligncenter size-md wp-image-491\" src=\"http:\/\/blog.estilodevidaurbano.com.br\/wp-content\/uploads\/2017\/11\/vida-noturna-de-bel\u00e9m-3-720x720.jpg\" alt=\"vida-noturna-de-bel\u00e9m-3\" width=\"720\" height=\"720\" srcset=\"https:\/\/estilodevidaurbano.com.br\/blog\/wp-content\/uploads\/2017\/11\/vida-noturna-de-bel\u00e9m-3-720x720.jpg 720w, https:\/\/estilodevidaurbano.com.br\/blog\/wp-content\/uploads\/2017\/11\/vida-noturna-de-bel\u00e9m-3-150x150.jpg 150w, https:\/\/estilodevidaurbano.com.br\/blog\/wp-content\/uploads\/2017\/11\/vida-noturna-de-bel\u00e9m-3-300x300.jpg 300w, https:\/\/estilodevidaurbano.com.br\/blog\/wp-content\/uploads\/2017\/11\/vida-noturna-de-bel\u00e9m-3-768x768.jpg 768w, https:\/\/estilodevidaurbano.com.br\/blog\/wp-content\/uploads\/2017\/11\/vida-noturna-de-bel\u00e9m-3-1024x1024.jpg 1024w, https:\/\/estilodevidaurbano.com.br\/blog\/wp-content\/uploads\/2017\/11\/vida-noturna-de-bel\u00e9m-3-1280x1280.jpg 1280w, https:\/\/estilodevidaurbano.com.br\/blog\/wp-content\/uploads\/2017\/11\/vida-noturna-de-bel\u00e9m-3-160x160.jpg 160w, https:\/\/estilodevidaurbano.com.br\/blog\/wp-content\/uploads\/2017\/11\/vida-noturna-de-bel\u00e9m-3.jpg 1440w\" sizes=\"auto, (max-width: 720px) 100vw, 720px\" \/><\/p>\n<p style=\"text-align: justify;\"><span style=\"font-weight: 400;\">O restaurante japon\u00eas oferece, de ter\u00e7a a quinta-feira, rod\u00edzio de sushi e sashimi. Vale \u00e0 pena ir com (muita) fome para aproveitar fus\u00f5es, experimenta\u00e7\u00f5es e inova\u00e7\u00f5es, sem perder nada da tradi\u00e7\u00e3o oriental.<\/span><\/p>\n<p style=\"text-align: justify;\"><b>Servi\u00e7o: <\/b><span style=\"font-weight: 400;\"><br \/>\n<\/span><span style=\"font-weight: 400;\">Av. Serzedelo Corr\u00eaa, 880 <\/span><span style=\"font-weight: 400;\"><br \/>\n<\/span><span style=\"font-weight: 400;\">Hor\u00e1rio: de segunda a s\u00e1bado, das 12h \u00e0s 14h30 e das 19h \u00e0s 22h30<\/span><span style=\"font-weight: 400;\"><br \/>\n<\/span><span style=\"font-weight: 400;\">Telefone: (91) 3241-3444<\/span><\/p>\n<h3 style=\"text-align: left;\">Que tal um pouco de m\u00fasica?<\/h3>\n<p style=\"text-align: justify;\"><span style=\"font-weight: 400;\">A m\u00fasica paraense tem o poder de ser, ao mesmo tempo, tradicional e inovadora, misturando ritmos diferentes de uma forma harmoniosa e \u00fanica. Esse <\/span><i><span style=\"font-weight: 400;\">mix<\/span><\/i><span style=\"font-weight: 400;\"> de sonoridades tem tudo a ver com um dos estilos musicais mais respeitados e admirados no mundo: <\/span><b>o Jazz<\/b><span style=\"font-weight: 400;\">.<\/span><\/p>\n<figure id=\"attachment_492\" aria-describedby=\"caption-attachment-492\" style=\"width: 720px\" class=\"wp-caption aligncenter\"><img loading=\"lazy\" decoding=\"async\" class=\"size-md wp-image-492\" src=\"http:\/\/blog.estilodevidaurbano.com.br\/wp-content\/uploads\/2017\/11\/vida-noturna-de-bel\u00e9m-4-720x540.jpg\" alt=\"vida-noturna-de-bel\u00e9m-4\" width=\"720\" height=\"540\" srcset=\"https:\/\/estilodevidaurbano.com.br\/blog\/wp-content\/uploads\/2017\/11\/vida-noturna-de-bel\u00e9m-4-720x540.jpg 720w, https:\/\/estilodevidaurbano.com.br\/blog\/wp-content\/uploads\/2017\/11\/vida-noturna-de-bel\u00e9m-4-300x225.jpg 300w, https:\/\/estilodevidaurbano.com.br\/blog\/wp-content\/uploads\/2017\/11\/vida-noturna-de-bel\u00e9m-4-768x576.jpg 768w, https:\/\/estilodevidaurbano.com.br\/blog\/wp-content\/uploads\/2017\/11\/vida-noturna-de-bel\u00e9m-4.jpg 960w\" sizes=\"auto, (max-width: 720px) 100vw, 720px\" \/><figcaption id=\"caption-attachment-492\" class=\"wp-caption-text\">A vida noturna de Bel\u00e9m acontece na Batista Campos<\/figcaption><\/figure>\n<p><span style=\"font-weight: 400;\">O jazz nasceu nas igrejas de New Orleans, com uma clara influ\u00eancia de ritmos africanos e tornou-se muito mais que uma express\u00e3o art\u00edstica. O ritmo \u00e9 a trilha sonora perfeita para definir o <\/span><i><span style=\"font-weight: 400;\">Estilo de Vida Urbano<\/span><\/i><span style=\"font-weight: 400;\">: \u00e9 a m\u00fasica de quem <\/span><a href=\"http:\/\/blog.estilodevidaurbano.com.br\/roteiro-de-belem\/\"><span style=\"font-weight: 400;\">faz neg\u00f3cios durante o dia<\/span><\/a><span style=\"font-weight: 400;\">, tem uma <\/span><a href=\"http:\/\/blog.estilodevidaurbano.com.br\/cultura-em-belem\/\"><span style=\"font-weight: 400;\">vida cultural intensa<\/span><\/a><span style=\"font-weight: 400;\"> e gosta apreciar uma boa culin\u00e1ria.<\/span><\/p>\n<p><span style=\"font-weight: 400;\">A fus\u00e3o de estilos do jazz tamb\u00e9m pode ser usada como met\u00e1fora na busca por um local para morar na cidade: <\/span><a href=\"http:\/\/blog.estilodevidaurbano.com.br\/buscar-um-novo-imovel\/\"><span style=\"font-weight: 400;\">encontrar um im\u00f3vel inovador<\/span><\/a><span style=\"font-weight: 400;\"> que tenha a ver com seu estilo de vida, mas em um bairro tradicional; ou um apartamento que <\/span><a href=\"http:\/\/blog.estilodevidaurbano.com.br\/arquitetura-personalizada-next\/\"><span style=\"font-weight: 400;\">n\u00e3o seja igual aos outros<\/span><\/a><span style=\"font-weight: 400;\"> e que tenha a sua cara. Exatamente como uma <\/span><i><span style=\"font-weight: 400;\">jam session<\/span><\/i><span style=\"font-weight: 400;\"> de jazz!<\/span><\/p>\n<p><span style=\"font-weight: 400;\">Em <\/span><a href=\"http:\/\/blog.estilodevidaurbano.com.br\/tag\/batista-campos\/\"><span style=\"font-weight: 400;\">Batista Campos<\/span><\/a><span style=\"font-weight: 400;\">, voc\u00ea encontra o melhor da m\u00fasica no <\/span><a href=\"https:\/\/www.facebook.com\/EspacoCulturalBoiuna\/\"><b>Espa\u00e7o Cultural Boi\u00fana<\/b><\/a><span style=\"font-weight: 400;\"> com a banda paraense <\/span><b>Cumbuca Jazz,<\/b><span style=\"font-weight: 400;\"> enquanto se delicia com uma cerveja gelad\u00edssima e um maravilhoso pastel de jambu.<\/span><\/p>\n<p><b>Servi\u00e7o: <\/b><span style=\"font-weight: 400;\"><br \/>\n<\/span><span style=\"font-weight: 400;\">Rua dos Pariquis, 1556<\/span><span style=\"font-weight: 400;\"><br \/>\n<\/span><span style=\"font-weight: 400;\">Hor\u00e1rio: De quarta a s\u00e1bado, das 20h30 \u00e0s 04h.<\/span><span style=\"font-weight: 400;\"><br \/>\n<\/span><span style=\"font-weight: 400;\">Telefone: (91) 4141-3190<\/span><\/p>\n<p>&nbsp;<\/p>\n","protected":false},"excerpt":{"rendered":"<div class=\"post-excerpt\">Morar em uma metr\u00f3pole significa aproveitar tudo o que a cidade tem a oferecer &#8211; n\u00e3o somente as oportunidades profissionais e de neg\u00f3cios, mas tamb\u00e9m as oportunidades de curtir o&hellip;<\/div>\n<div class=\"post-more\"><a href=\"https:\/\/estilodevidaurbano.com.br\/blog\/vida-noturna-de-belem\/\" class=\"btn btn-primary btn-effect btn-lg\"><span>Ver Post<\/span><span><i class=\"icon icon-arrow-right\"><\/i><\/span><\/a><\/div>\n","protected":false},"author":3,"featured_media":489,"comment_status":"open","ping_status":"open","sticky":false,"template":"","format":"image","meta":{"footnotes":""},"categories":[8],"tags":[39,54,87,82,51,83,81,56,75,103],"class_list":["post-400","post","type-post","status-publish","format-image","has-post-thumbnail","hentry","category-estilo-de-vida-next","tag-bairro-batista-campos","tag-batista-campos","tag-belem","tag-boiuna","tag-estilo-de-vida-urbano","tag-jazz","tag-kahori","tag-next","tag-praca-batista-campos","tag-vida-noturna","post_format-post-format-image"],"_links":{"self":[{"href":"https:\/\/estilodevidaurbano.com.br\/blog\/wp-json\/wp\/v2\/posts\/400","targetHints":{"allow":["GET"]}}],"collection":[{"href":"https:\/\/estilodevidaurbano.com.br\/blog\/wp-json\/wp\/v2\/posts"}],"about":[{"href":"https:\/\/estilodevidaurbano.com.br\/blog\/wp-json\/wp\/v2\/types\/post"}],"author":[{"embeddable":true,"href":"https:\/\/estilodevidaurbano.com.br\/blog\/wp-json\/wp\/v2\/users\/3"}],"replies":[{"embeddable":true,"href":"https:\/\/estilodevidaurbano.com.br\/blog\/wp-json\/wp\/v2\/comments?post=400"}],"version-history":[{"count":5,"href":"https:\/\/estilodevidaurbano.com.br\/blog\/wp-json\/wp\/v2\/posts\/400\/revisions"}],"predecessor-version":[{"id":493,"href":"https:\/\/estilodevidaurbano.com.br\/blog\/wp-json\/wp\/v2\/posts\/400\/revisions\/493"}],"wp:featuredmedia":[{"embeddable":true,"href":"https:\/\/estilodevidaurbano.com.br\/blog\/wp-json\/wp\/v2\/media\/489"}],"wp:attachment":[{"href":"https:\/\/estilodevidaurbano.com.br\/blog\/wp-json\/wp\/v2\/media?parent=400"}],"wp:term":[{"taxonomy":"category","embeddable":true,"href":"https:\/\/estilodevidaurbano.com.br\/blog\/wp-json\/wp\/v2\/categories?post=400"},{"taxonomy":"post_tag","embeddable":true,"href":"https:\/\/estilodevidaurbano.com.br\/blog\/wp-json\/wp\/v2\/tags?post=400"}],"curies":[{"name":"wp","href":"https:\/\/api.w.org\/{rel}","templated":true}]}}