{"id":503,"date":"2018-05-02T13:59:14","date_gmt":"2018-05-02T13:59:14","guid":{"rendered":"http:\/\/blog.estilodevidaurbano.com.br\/?p=503"},"modified":"2018-06-04T20:38:18","modified_gmt":"2018-06-04T20:38:18","slug":"arquitetura-criativa-next","status":"publish","type":"post","link":"https:\/\/estilodevidaurbano.com.br\/blog\/arquitetura-criativa-next\/","title":{"rendered":"Conhe\u00e7a a arquitetura criativa Next"},"content":{"rendered":"<p style=\"text-align: justify;\"><span style=\"font-weight: 400;\">Uma cidade que \u00e9 sin\u00f4nimo de estilo de vida urbano n\u00e3o combina com uma arquitetura mon\u00f3tona. \u00c9 por isso que a <\/span><b>Next,<\/b><span style=\"font-weight: 400;\"> uma incorporadora que ama Bel\u00e9m, aposta na <\/span><b>arquitetura criativa<\/b><span style=\"font-weight: 400;\"> para criar o seu empreendimento <\/span><a href=\"http:\/\/estilodevidaurbano.com.br\/next-on-399\/\"><b>Next On 399<\/b><\/a><span style=\"font-weight: 400;\">. Fugindo do \u00f3bvio, a <\/span><b>arquitetura criativa<\/b><span style=\"font-weight: 400;\"> busca explorar novos conceitos &#8211; aliados \u00e0 inova\u00e7\u00e3o &#8211; para desenvolver im\u00f3veis \u00fanicos, exclusivos e que agreguem valor \u00e0 cidade, ao bairro e, principalmente, ao morador. <\/span><\/p>\n<p style=\"text-align: justify;\"><span style=\"font-weight: 400;\">O <\/span><b>Next On 399 <\/b><span style=\"font-weight: 400;\">traz um projeto singular com <\/span><i><span style=\"font-weight: 400;\">design<\/span><\/i><span style=\"font-weight: 400;\"> inovador, elaborado pelo escrit\u00f3rio de arquitetura <\/span><a href=\"https:\/\/www.archdaily.com.br\/br\/office\/fgmf-arquitetos\"><b>FGMF<\/b><\/a><span style=\"font-weight: 400;\">. Com 15 anos de hist\u00f3ria, o escrit\u00f3rio \u00e9 considerado um dos melhores e mais premiados do pa\u00eds, possuindo em seu portf\u00f3lio projetos espalhados por mais de 20 pa\u00edses. Seu trabalho \u00e9 reconhecido pela sua arquitetura contempor\u00e2nea, investigativa e arrojada.<\/span><\/p>\n<p><img loading=\"lazy\" decoding=\"async\" class=\"aligncenter wp-image-506 size-md\" src=\"http:\/\/blog.estilodevidaurbano.com.br\/wp-content\/uploads\/2018\/05\/arquitetura-criativa-2-720x447.jpg\" alt=\"arquitetura-criativa-next-2\" width=\"720\" height=\"447\" srcset=\"https:\/\/estilodevidaurbano.com.br\/blog\/wp-content\/uploads\/2018\/05\/arquitetura-criativa-2-720x447.jpg 720w, https:\/\/estilodevidaurbano.com.br\/blog\/wp-content\/uploads\/2018\/05\/arquitetura-criativa-2-300x186.jpg 300w, https:\/\/estilodevidaurbano.com.br\/blog\/wp-content\/uploads\/2018\/05\/arquitetura-criativa-2-768x477.jpg 768w, https:\/\/estilodevidaurbano.com.br\/blog\/wp-content\/uploads\/2018\/05\/arquitetura-criativa-2-1024x636.jpg 1024w, https:\/\/estilodevidaurbano.com.br\/blog\/wp-content\/uploads\/2018\/05\/arquitetura-criativa-2-1920x1192.jpg 1920w\" sizes=\"auto, (max-width: 720px) 100vw, 720px\" \/><\/p>\n<p style=\"text-align: justify;\"><span style=\"font-weight: 400;\">Por\u00e9m, o design exclusivo n\u00e3o \u00e9 a \u00fanica caracter\u00edstica marcante do <\/span><b>Next On 399<\/b><span style=\"font-weight: 400;\">. A <\/span><b>arquitetura criativa <\/b><span style=\"font-weight: 400;\">\u00e9, tamb\u00e9m, representada pela <\/span><a href=\"http:\/\/blog.estilodevidaurbano.com.br\/arquitetura-personalizada-next\/\"><span style=\"font-weight: 400;\">personaliza\u00e7\u00e3o<\/span><\/a><span style=\"font-weight: 400;\"> de cada im\u00f3vel. Sabe o apartamento dos seus sonhos? Agora, voc\u00ea pode t\u00ea-lo! A arquitetura personalizada permite criar a planta do seu jeito, de acordo com as suas necessidades e o seu <\/span><a href=\"http:\/\/blog.estilodevidaurbano.com.br\/buscar-um-novo-imovel\/\"><span style=\"font-weight: 400;\">momento de vida<\/span><\/a><span style=\"font-weight: 400;\">. O \u00a0<\/span><b>Next On 399 <\/b><span style=\"font-weight: 400;\">permite a voc\u00ea infinitas possibilidades, com a liberdade de dividir os c\u00f4modos e decor\u00e1-los de acordo com o que voc\u00ea deseja. Laje plana, livre de pilares e vigas: essa \u00e9 a <\/span><b>arquitetura aberta<\/b><span style=\"font-weight: 400;\"> que voc\u00ea encontra no <\/span><b>Next On 399<\/b><span style=\"font-weight: 400;\">.<\/span><\/p>\n<p style=\"text-align: justify;\"><span style=\"font-weight: 400;\">A cereja do bolo do empreendimento est\u00e1 na sua fachada viva. A obra de arte \u00e9 cria\u00e7\u00e3o da paisagista <\/span><a href=\"http:\/\/www.marcialima.com.br\/index2.htm\"><b>M\u00e1rcia Lima<\/b><\/a><span style=\"font-weight: 400;\">, valorizando o painel de ladrilho hidr\u00e1ulico do artista <\/span><a href=\"http:\/\/www.nitsche.com.br\/arte\"><b>Jo\u00e3o Nitsche<\/b><\/a><span style=\"font-weight: 400;\">.<\/span><\/p>\n<p><img loading=\"lazy\" decoding=\"async\" class=\"aligncenter wp-image-505 size-md\" src=\"http:\/\/blog.estilodevidaurbano.com.br\/wp-content\/uploads\/2018\/05\/arquitetura-criativa-3-720x360.jpg\" alt=\"arquitetura-criativa-next-3\" width=\"720\" height=\"360\" srcset=\"https:\/\/estilodevidaurbano.com.br\/blog\/wp-content\/uploads\/2018\/05\/arquitetura-criativa-3-720x360.jpg 720w, https:\/\/estilodevidaurbano.com.br\/blog\/wp-content\/uploads\/2018\/05\/arquitetura-criativa-3-300x150.jpg 300w, https:\/\/estilodevidaurbano.com.br\/blog\/wp-content\/uploads\/2018\/05\/arquitetura-criativa-3-768x384.jpg 768w, https:\/\/estilodevidaurbano.com.br\/blog\/wp-content\/uploads\/2018\/05\/arquitetura-criativa-3-1024x512.jpg 1024w, https:\/\/estilodevidaurbano.com.br\/blog\/wp-content\/uploads\/2018\/05\/arquitetura-criativa-3-1920x960.jpg 1920w\" sizes=\"auto, (max-width: 720px) 100vw, 720px\" \/><\/p>\n<p style=\"text-align: justify;\"><span style=\"font-weight: 400;\">Al\u00e9m da <\/span><b>arquitetura aberta<\/b><span style=\"font-weight: 400;\">, o <\/span><b>Next On 399<\/b><span style=\"font-weight: 400;\"> ainda est\u00e1 localizado no melhor bairro de Bel\u00e9m. A <\/span><a href=\"http:\/\/blog.estilodevidaurbano.com.br\/tag\/batista-campos\/\"><b>Batista Campos<\/b><\/a><span style=\"font-weight: 400;\"> possui localiza\u00e7\u00e3o privilegiada e uma estrutura completa para oferecer toda a qualidade de vida que voc\u00ea precisa.<\/span><\/p>\n<p style=\"text-align: justify;\"><span style=\"font-weight: 400;\">O <\/span><b>Next On 399<\/b><span style=\"font-weight: 400;\"> \u00e9 o empreendimento perfeito para quem valoriza o que h\u00e1 de melhor em Bel\u00e9m. <\/span><a href=\"https:\/\/campanha.estilodevidaurbano.com.br\/next-on-399\"><span style=\"font-weight: 400;\">Conhe\u00e7a todas as vantagens da Next<\/span><\/a><span style=\"font-weight: 400;\"> e venha viver o melhor do estilo de vida urbano!<\/span><\/p>\n","protected":false},"excerpt":{"rendered":"<div class=\"post-excerpt\">Uma cidade que \u00e9 sin\u00f4nimo de estilo de vida urbano n\u00e3o combina com uma arquitetura mon\u00f3tona. \u00c9 por isso que a Next, uma incorporadora que ama Bel\u00e9m, aposta na arquitetura&hellip;<\/div>\n<div class=\"post-more\"><a href=\"https:\/\/estilodevidaurbano.com.br\/blog\/arquitetura-criativa-next\/\" class=\"btn btn-primary btn-effect btn-lg\"><span>Ver Post<\/span><span><i class=\"icon icon-arrow-right\"><\/i><\/span><\/a><\/div>\n","protected":false},"author":3,"featured_media":545,"comment_status":"open","ping_status":"open","sticky":false,"template":"","format":"image","meta":{"footnotes":""},"categories":[104,10],"tags":[107,106,95,56,105,90],"class_list":["post-503","post","type-post","status-publish","format-image","has-post-thumbnail","hentry","category-arquitetura","category-tecnologia","tag-arquitetura-aberta","tag-arquitetura-criativa","tag-arquitetura-personalizada","tag-next","tag-next-on-399","tag-personalizacao","post_format-post-format-image"],"_links":{"self":[{"href":"https:\/\/estilodevidaurbano.com.br\/blog\/wp-json\/wp\/v2\/posts\/503","targetHints":{"allow":["GET"]}}],"collection":[{"href":"https:\/\/estilodevidaurbano.com.br\/blog\/wp-json\/wp\/v2\/posts"}],"about":[{"href":"https:\/\/estilodevidaurbano.com.br\/blog\/wp-json\/wp\/v2\/types\/post"}],"author":[{"embeddable":true,"href":"https:\/\/estilodevidaurbano.com.br\/blog\/wp-json\/wp\/v2\/users\/3"}],"replies":[{"embeddable":true,"href":"https:\/\/estilodevidaurbano.com.br\/blog\/wp-json\/wp\/v2\/comments?post=503"}],"version-history":[{"count":5,"href":"https:\/\/estilodevidaurbano.com.br\/blog\/wp-json\/wp\/v2\/posts\/503\/revisions"}],"predecessor-version":[{"id":546,"href":"https:\/\/estilodevidaurbano.com.br\/blog\/wp-json\/wp\/v2\/posts\/503\/revisions\/546"}],"wp:featuredmedia":[{"embeddable":true,"href":"https:\/\/estilodevidaurbano.com.br\/blog\/wp-json\/wp\/v2\/media\/545"}],"wp:attachment":[{"href":"https:\/\/estilodevidaurbano.com.br\/blog\/wp-json\/wp\/v2\/media?parent=503"}],"wp:term":[{"taxonomy":"category","embeddable":true,"href":"https:\/\/estilodevidaurbano.com.br\/blog\/wp-json\/wp\/v2\/categories?post=503"},{"taxonomy":"post_tag","embeddable":true,"href":"https:\/\/estilodevidaurbano.com.br\/blog\/wp-json\/wp\/v2\/tags?post=503"}],"curies":[{"name":"wp","href":"https:\/\/api.w.org\/{rel}","templated":true}]}}