{"id":519,"date":"2018-05-22T10:00:08","date_gmt":"2018-05-22T10:00:08","guid":{"rendered":"http:\/\/blog.estilodevidaurbano.com.br\/?p=519"},"modified":"2018-05-17T12:26:16","modified_gmt":"2018-05-17T12:26:16","slug":"por-que-morar-em-belem","status":"publish","type":"post","link":"https:\/\/estilodevidaurbano.com.br\/blog\/por-que-morar-em-belem\/","title":{"rendered":"Por que morar em Bel\u00e9m?"},"content":{"rendered":"<p><b>Morar em Bel\u00e9m<\/b><span style=\"font-weight: 400;\"> \u00e9 um sonho! A capital do Par\u00e1 tem muito a oferecer para os seus moradores, venham eles de perto ou de longe. Neste infogr\u00e1fico, apresentamos alguns dos motivos que tornam Bel\u00e9m a melhor cidade brasileira para voc\u00ea morar. Confira!<\/span><\/p>\n<p><img loading=\"lazy\" decoding=\"async\" class=\"aligncenter wp-image-521 size-full\" src=\"http:\/\/blog.estilodevidaurbano.com.br\/wp-content\/uploads\/2018\/05\/por-que-morar-em-bel\u00e9m-2.png\" alt=\"\" width=\"1000\" height=\"1770\" srcset=\"https:\/\/estilodevidaurbano.com.br\/blog\/wp-content\/uploads\/2018\/05\/por-que-morar-em-bel\u00e9m-2.png 1000w, https:\/\/estilodevidaurbano.com.br\/blog\/wp-content\/uploads\/2018\/05\/por-que-morar-em-bel\u00e9m-2-169x300.png 169w, https:\/\/estilodevidaurbano.com.br\/blog\/wp-content\/uploads\/2018\/05\/por-que-morar-em-bel\u00e9m-2-768x1359.png 768w, https:\/\/estilodevidaurbano.com.br\/blog\/wp-content\/uploads\/2018\/05\/por-que-morar-em-bel\u00e9m-2-579x1024.png 579w, https:\/\/estilodevidaurbano.com.br\/blog\/wp-content\/uploads\/2018\/05\/por-que-morar-em-bel\u00e9m-2-720x1274.png 720w\" sizes=\"auto, (max-width: 1000px) 100vw, 1000px\" \/><\/p>\n<p><span style=\"font-weight: 400;\">Bel\u00e9m tem tudo a ver com o seu estilo de vida urbano. Viva o que a cidade tem de melhor em um <\/span><a href=\"https:\/\/campanha.estilodevidaurbano.com.br\/next-on-399\"><span style=\"font-weight: 400;\">im\u00f3vel da Next<\/span><\/a><span style=\"font-weight: 400;\">!<\/span><\/p>\n","protected":false},"excerpt":{"rendered":"<div class=\"post-excerpt\">Morar em Bel\u00e9m \u00e9 um sonho! A capital do Par\u00e1 tem muito a oferecer para os seus moradores, venham eles de perto ou de longe. Neste infogr\u00e1fico, apresentamos alguns dos&hellip;<\/div>\n<div class=\"post-more\"><a href=\"https:\/\/estilodevidaurbano.com.br\/blog\/por-que-morar-em-belem\/\" class=\"btn btn-primary btn-effect btn-lg\"><span>Ver Post<\/span><span><i class=\"icon icon-arrow-right\"><\/i><\/span><\/a><\/div>\n","protected":false},"author":3,"featured_media":520,"comment_status":"open","ping_status":"open","sticky":false,"template":"","format":"image","meta":{"footnotes":""},"categories":[8],"tags":[116,39,87,117,113,51,115,84,110,111,112,114],"class_list":["post-519","post","type-post","status-publish","format-image","has-post-thumbnail","hentry","category-estilo-de-vida-next","tag-arquitetura","tag-bairro-batista-campos","tag-belem","tag-economia","tag-educacao","tag-estilo-de-vida-urbano","tag-historia","tag-melhor-bairro","tag-motivos-para-morar-em-belem","tag-patrimonio-historico-cultural","tag-saude","tag-turismo","post_format-post-format-image"],"_links":{"self":[{"href":"https:\/\/estilodevidaurbano.com.br\/blog\/wp-json\/wp\/v2\/posts\/519","targetHints":{"allow":["GET"]}}],"collection":[{"href":"https:\/\/estilodevidaurbano.com.br\/blog\/wp-json\/wp\/v2\/posts"}],"about":[{"href":"https:\/\/estilodevidaurbano.com.br\/blog\/wp-json\/wp\/v2\/types\/post"}],"author":[{"embeddable":true,"href":"https:\/\/estilodevidaurbano.com.br\/blog\/wp-json\/wp\/v2\/users\/3"}],"replies":[{"embeddable":true,"href":"https:\/\/estilodevidaurbano.com.br\/blog\/wp-json\/wp\/v2\/comments?post=519"}],"version-history":[{"count":2,"href":"https:\/\/estilodevidaurbano.com.br\/blog\/wp-json\/wp\/v2\/posts\/519\/revisions"}],"predecessor-version":[{"id":523,"href":"https:\/\/estilodevidaurbano.com.br\/blog\/wp-json\/wp\/v2\/posts\/519\/revisions\/523"}],"wp:featuredmedia":[{"embeddable":true,"href":"https:\/\/estilodevidaurbano.com.br\/blog\/wp-json\/wp\/v2\/media\/520"}],"wp:attachment":[{"href":"https:\/\/estilodevidaurbano.com.br\/blog\/wp-json\/wp\/v2\/media?parent=519"}],"wp:term":[{"taxonomy":"category","embeddable":true,"href":"https:\/\/estilodevidaurbano.com.br\/blog\/wp-json\/wp\/v2\/categories?post=519"},{"taxonomy":"post_tag","embeddable":true,"href":"https:\/\/estilodevidaurbano.com.br\/blog\/wp-json\/wp\/v2\/tags?post=519"}],"curies":[{"name":"wp","href":"https:\/\/api.w.org\/{rel}","templated":true}]}}