{"id":526,"date":"2018-05-29T17:25:37","date_gmt":"2018-05-29T17:25:37","guid":{"rendered":"http:\/\/blog.estilodevidaurbano.com.br\/?p=526"},"modified":"2018-06-15T02:18:58","modified_gmt":"2018-06-15T02:18:58","slug":"estilo-sustentavel-dicas-para-mudar-sua-casa-e-sua-rotina","status":"publish","type":"post","link":"https:\/\/estilodevidaurbano.com.br\/blog\/estilo-sustentavel-dicas-para-mudar-sua-casa-e-sua-rotina\/","title":{"rendered":"Estilo sustent\u00e1vel: dicas para mudar sua casa e sua rotina"},"content":{"rendered":"<p style=\"text-align: justify;\"><span style=\"font-weight: 400;\">Muito al\u00e9m de modismo, existe uma grande filosofia por tr\u00e1s do <\/span><b>estilo de vida sustent\u00e1vel<\/b><span style=\"font-weight: 400;\">. Preocupar-se com os pr\u00f3prios h\u00e1bitos de consumo \u00e9<\/span> <span style=\"font-weight: 400;\">uma quest\u00e3o de <\/span><b>e<\/b><b>mpatia pelo mundo e pelas pessoas. <\/b>E \u00e9 exatamente\u00a0<span style=\"font-weight: 400;\">por isso que o n\u00famero de adeptos s\u00f3 vem aumentando! <\/span><\/p>\n<p style=\"text-align: justify;\"><span style=\"font-weight: 400;\">De acordo com dados da ag\u00eancia global de informa\u00e7\u00f5es financeiras Bloomberg, <\/span><b>14% dos consumidores<\/b><span style=\"font-weight: 400;\">\u00a0norte-americanos procuraram roupas fabricadas de uma forma \u00e9tica em 2017, diferente dos 12% de 2015.\u00a0<\/span><span style=\"font-weight: 400;\">E <\/span><span style=\"font-weight: 400;\">as novas gera\u00e7\u00f5es t\u00eam um protagonismo nessa realidade, j\u00e1 que, conforme a pesquisa, a porcentagem \u00e9 composta principalmente de jovens. <\/span><\/p>\n<p style=\"text-align: justify;\"><span style=\"font-weight: 400;\">Mas de que maneira podemos acompanhar o exemplo deles e tamb\u00e9m fazer diferen\u00e7a?\u00a0<\/span><span style=\"font-weight: 400;\">A <\/span><b>Next <\/b><span style=\"font-weight: 400;\">mostra a voc\u00ea que com pequenas mudan\u00e7as em sua rotina \u00e9 poss\u00edvel.<\/span><\/p>\n<h3 style=\"text-align: left;\">Usar menos o carro<\/h3>\n<p style=\"text-align: left;\"><img loading=\"lazy\" decoding=\"async\" class=\"aligncenter size-md wp-image-527\" src=\"http:\/\/blog.estilodevidaurbano.com.br\/wp-content\/uploads\/2018\/05\/Estlio-sustent\u00e1vel4-720x480.jpg\" alt=\"Estlio sustent\u00e1vel\" width=\"720\" height=\"480\" srcset=\"https:\/\/estilodevidaurbano.com.br\/blog\/wp-content\/uploads\/2018\/05\/Estlio-sustent\u00e1vel4-720x480.jpg 720w, https:\/\/estilodevidaurbano.com.br\/blog\/wp-content\/uploads\/2018\/05\/Estlio-sustent\u00e1vel4-300x200.jpg 300w, https:\/\/estilodevidaurbano.com.br\/blog\/wp-content\/uploads\/2018\/05\/Estlio-sustent\u00e1vel4-768x512.jpg 768w, https:\/\/estilodevidaurbano.com.br\/blog\/wp-content\/uploads\/2018\/05\/Estlio-sustent\u00e1vel4-1024x683.jpg 1024w, https:\/\/estilodevidaurbano.com.br\/blog\/wp-content\/uploads\/2018\/05\/Estlio-sustent\u00e1vel4-1920x1280.jpg 1920w\" sizes=\"auto, (max-width: 720px) 100vw, 720px\" \/><\/p>\n<p style=\"text-align: justify;\"><span style=\"font-weight: 400;\">Fazer os trajetos menores a p\u00e9, usando transporte p\u00fablico ou de bicicleta, al\u00e9m de ser saud\u00e1vel para n\u00f3s, \u00e9 bom para o planeta. Essa atitude \u00e9 um excelente come\u00e7o! <\/span><\/p>\n<p style=\"text-align: justify;\"><span style=\"font-weight: 400;\">Claro que nem sempre isso \u00e9 poss\u00edvel. Mas escolher um <\/span><b>bairro pr\u00f3ximo<\/b><span style=\"font-weight: 400;\"> aos locais que voc\u00ea frequenta &#8211; e que ofere\u00e7a os servi\u00e7os que voc\u00ea mais precisa &#8211; j\u00e1 \u00e9 um passo importante.<\/span><\/p>\n<p style=\"text-align: justify;\"><span style=\"font-weight: 400;\">Em <\/span><b>Bel\u00e9m<\/b><span style=\"font-weight: 400;\">, um dos bairros mais completos para quem procura lazer perto de casa \u00e9 o <\/span><a href=\"http:\/\/blog.estilodevidaurbano.com.br\/tag\/bairro-batista-campos\/\">Batista Campos<b><\/b><\/a><span style=\"font-weight: 400;\">. L\u00e1, as fam\u00edlias podem frequentar <\/span><a href=\"http:\/\/blog.estilodevidaurbano.com.br\/tag\/praca-batista-campos\/\"><span style=\"font-weight: 400;\">pra\u00e7as e parques<\/span><\/a><span style=\"font-weight: 400;\"> sem precisar do carro. Para os mais jovens e bo\u00eamios, o bairro \u00e9 pr\u00f3ximo a <\/span><i><span style=\"font-weight: 400;\">pubs<\/span><\/i><span style=\"font-weight: 400;\"> e \u00e0 <\/span><a href=\"http:\/\/blog.estilodevidaurbano.com.br\/vida-noturna-de-belem\/\"><span style=\"font-weight: 400;\">vida noturna<\/span><\/a><span style=\"font-weight: 400;\">.<\/span><\/p>\n<h3 style=\"text-align: left;\">Separar o lixo<\/h3>\n<p style=\"text-align: left;\"><img loading=\"lazy\" decoding=\"async\" class=\"aligncenter size-md wp-image-528\" src=\"http:\/\/blog.estilodevidaurbano.com.br\/wp-content\/uploads\/2018\/05\/Estlio-sustent\u00e1vel2-720x479.jpg\" alt=\"Estlio sustent\u00e1vel\" width=\"720\" height=\"479\" srcset=\"https:\/\/estilodevidaurbano.com.br\/blog\/wp-content\/uploads\/2018\/05\/Estlio-sustent\u00e1vel2-720x480.jpg 720w, https:\/\/estilodevidaurbano.com.br\/blog\/wp-content\/uploads\/2018\/05\/Estlio-sustent\u00e1vel2-300x200.jpg 300w, https:\/\/estilodevidaurbano.com.br\/blog\/wp-content\/uploads\/2018\/05\/Estlio-sustent\u00e1vel2-768x511.jpg 768w, https:\/\/estilodevidaurbano.com.br\/blog\/wp-content\/uploads\/2018\/05\/Estlio-sustent\u00e1vel2-1024x681.jpg 1024w, https:\/\/estilodevidaurbano.com.br\/blog\/wp-content\/uploads\/2018\/05\/Estlio-sustent\u00e1vel2-1920x1277.jpg 1920w\" sizes=\"auto, (max-width: 720px) 100vw, 720px\" \/><\/p>\n<p style=\"text-align: justify;\"><b>Reciclagem<\/b><span style=\"font-weight: 400;\"> \u00e9 o processo de reaproveitamento do lixo descartado que d\u00e1 origem a um novo produto ou a uma nova mat\u00e9ria-prima. Assim, pode-se diminuir a produ\u00e7\u00e3o de rejeitos e o seu ac\u00famulo na natureza, reduzindo o impacto ambiental. <\/span><\/p>\n<p style=\"text-align: justify;\"><span style=\"font-weight: 400;\">Mas, para que esse processo ocorra, \u00e9 necess\u00e1rio <\/span><span style=\"font-weight: 400;\">n\u00e3o misturar lixo org\u00e2nico com o recicl\u00e1vel &#8211; e isso vai al\u00e9m de colocar o que \u00e9 res\u00edduo de alimento em um saco e rolo de papel em outro. Existem materiais que n\u00e3o s\u00e3o recicl\u00e1veis e muita gente n\u00e3o sabe. <\/span><span style=\"font-weight: 400;\">Como, por exemplo, fotos, esponja de a\u00e7o, l\u00e2mpadas, tomadas velhas e adesivos. <\/span><\/p>\n<p style=\"text-align: justify;\"><span style=\"font-weight: 400;\">Ainda h\u00e1 aqueles que s\u00e3o recicl\u00e1veis e muita gente n\u00e3o conhece, como pe\u00e7as de bronze, cobre, chumbo, isopor, escovas de dente e canetas sem carga.\u00a0<\/span><span style=\"font-weight: 400;\">\u00c9 preciso ficar atento a esses detalhes na hora do descarte.<\/span><\/p>\n<h3 style=\"text-align: left;\">Usar ecobag<\/h3>\n<p style=\"text-align: left;\"><img loading=\"lazy\" decoding=\"async\" class=\"aligncenter size-full wp-image-529\" src=\"http:\/\/blog.estilodevidaurbano.com.br\/wp-content\/uploads\/2018\/05\/Estlio-sustent\u00e1vel5.jpg\" alt=\"Estlio sustent\u00e1vel\" width=\"541\" height=\"600\" srcset=\"https:\/\/estilodevidaurbano.com.br\/blog\/wp-content\/uploads\/2018\/05\/Estlio-sustent\u00e1vel5.jpg 541w, https:\/\/estilodevidaurbano.com.br\/blog\/wp-content\/uploads\/2018\/05\/Estlio-sustent\u00e1vel5-271x300.jpg 271w, https:\/\/estilodevidaurbano.com.br\/blog\/wp-content\/uploads\/2018\/05\/Estlio-sustent\u00e1vel5-540x600.jpg 540w\" sizes=\"auto, (max-width: 541px) 100vw, 541px\" \/><\/p>\n<p style=\"text-align: justify;\"><span style=\"font-weight: 400;\">Evitar, quando poss\u00edvel, o uso da sacolinha pl\u00e1stica \u00e9 uma \u00f3tima iniciativa! As bolsas retorn\u00e1veis de pano &#8211; <\/span><b>ecobags<\/b><span style=\"font-weight: 400;\"> &#8211; cumprem bem a fun\u00e7\u00e3o de armazenar as compras na hora de voltar do supermercado. Al\u00e9m disso, algumas s\u00e3o um charme!<\/span><\/p>\n<h3 style=\"text-align: left;\">Consumir menos energia<\/h3>\n<p style=\"text-align: left;\"><img loading=\"lazy\" decoding=\"async\" class=\"aligncenter size-md wp-image-530\" src=\"http:\/\/blog.estilodevidaurbano.com.br\/wp-content\/uploads\/2018\/05\/Estlio-sustent\u00e1vel3-720x461.jpg\" alt=\"Estlio sustent\u00e1vel\" width=\"720\" height=\"461\" srcset=\"https:\/\/estilodevidaurbano.com.br\/blog\/wp-content\/uploads\/2018\/05\/Estlio-sustent\u00e1vel3-720x461.jpg 720w, https:\/\/estilodevidaurbano.com.br\/blog\/wp-content\/uploads\/2018\/05\/Estlio-sustent\u00e1vel3-300x192.jpg 300w, https:\/\/estilodevidaurbano.com.br\/blog\/wp-content\/uploads\/2018\/05\/Estlio-sustent\u00e1vel3-768x492.jpg 768w, https:\/\/estilodevidaurbano.com.br\/blog\/wp-content\/uploads\/2018\/05\/Estlio-sustent\u00e1vel3-1024x656.jpg 1024w, https:\/\/estilodevidaurbano.com.br\/blog\/wp-content\/uploads\/2018\/05\/Estlio-sustent\u00e1vel3-1920x1230.jpg 1920w\" sizes=\"auto, (max-width: 720px) 100vw, 720px\" \/><\/p>\n<p style=\"text-align: justify;\"><b>Consumo inteligente<\/b><span style=\"font-weight: 400;\"> n\u00e3o ajuda s\u00f3 o meio-ambiente, mas acaba sendo tamb\u00e9m um <\/span><b>investimento<\/b><span style=\"font-weight: 400;\">. Um exemplo pr\u00e1tico disso \u00e9 economizar energia el\u00e9trica: bom para o planeta, bom para o bolso. <\/span><\/p>\n<p style=\"text-align: justify;\"><span style=\"font-weight: 400;\">Crie o h\u00e1bito de desligar da tomada os aparelhos que n\u00e3o estejam em uso e prefira a ilumina\u00e7\u00e3o dirigida (spots) para as leitura e os trabalhos manuais. Se for colocar l\u00e2mpadas, d\u00ea prefer\u00eancia \u00e0s fluorescentes ou de led, que s\u00e3o mais econ\u00f4micas. <\/span><\/p>\n<p style=\"text-align: justify;\"><span style=\"font-weight: 400;\">Outra grande alternativa de <\/span><span style=\"font-weight: 400;\">pr\u00e1tica sustent\u00e1vel<\/span><span style=\"font-weight: 400;\"> \u00e9 <\/span><b>energia solar<\/b><span style=\"font-weight: 400;\">! Alguns investimentos imobili\u00e1rios, como <\/span><strong><a href=\"https:\/\/campanha.estilodevidaurbano.com.br\/next-on-399\">Next On 399<\/a><\/strong><span style=\"font-weight: 400;\">, oferecem a possibilidade de instala\u00e7\u00e3o de placas solares para a redu\u00e7\u00e3o do consumo de energia na \u00e1rea condominial.<\/span><\/p>\n<p style=\"text-align: justify;\"><span style=\"font-weight: 400;\">Esperamos que tenha gostado das nossas dicas.\u00a0Quer \u00a0saber mais sobre o <a href=\"https:\/\/campanha.estilodevidaurbano.com.br\/next-on-399\"><b>Next On 399<\/b><strong>?<\/strong><\/a><strong>\u00a0<\/strong><\/span><strong><a href=\"https:\/\/campanha.estilodevidaurbano.com.br\/next-on-399\">Fale com a gente!<\/a><\/strong><\/p>\n<p>&nbsp;<\/p>\n","protected":false},"excerpt":{"rendered":"<div class=\"post-excerpt\">Muito al\u00e9m de modismo, existe uma grande filosofia por tr\u00e1s do estilo de vida sustent\u00e1vel. Preocupar-se com os pr\u00f3prios h\u00e1bitos de consumo \u00e9 uma quest\u00e3o de empatia pelo mundo e&hellip;<\/div>\n<div class=\"post-more\"><a href=\"https:\/\/estilodevidaurbano.com.br\/blog\/estilo-sustentavel-dicas-para-mudar-sua-casa-e-sua-rotina\/\" class=\"btn btn-primary btn-effect btn-lg\"><span>Ver Post<\/span><span><i class=\"icon icon-arrow-right\"><\/i><\/span><\/a><\/div>\n","protected":false},"author":3,"featured_media":532,"comment_status":"open","ping_status":"open","sticky":false,"template":"","format":"image","meta":{"footnotes":""},"categories":[8],"tags":[122,121,33,120,123,118,119],"class_list":["post-526","post","type-post","status-publish","format-image","has-post-thumbnail","hentry","category-estilo-de-vida-next","tag-bicicleta","tag-consumo-inteligente","tag-estilo-de-vida","tag-estilo-de-vida-sustentavel","tag-reciclagem","tag-sustentabilidade","tag-sustentavel","post_format-post-format-image"],"_links":{"self":[{"href":"https:\/\/estilodevidaurbano.com.br\/blog\/wp-json\/wp\/v2\/posts\/526","targetHints":{"allow":["GET"]}}],"collection":[{"href":"https:\/\/estilodevidaurbano.com.br\/blog\/wp-json\/wp\/v2\/posts"}],"about":[{"href":"https:\/\/estilodevidaurbano.com.br\/blog\/wp-json\/wp\/v2\/types\/post"}],"author":[{"embeddable":true,"href":"https:\/\/estilodevidaurbano.com.br\/blog\/wp-json\/wp\/v2\/users\/3"}],"replies":[{"embeddable":true,"href":"https:\/\/estilodevidaurbano.com.br\/blog\/wp-json\/wp\/v2\/comments?post=526"}],"version-history":[{"count":16,"href":"https:\/\/estilodevidaurbano.com.br\/blog\/wp-json\/wp\/v2\/posts\/526\/revisions"}],"predecessor-version":[{"id":565,"href":"https:\/\/estilodevidaurbano.com.br\/blog\/wp-json\/wp\/v2\/posts\/526\/revisions\/565"}],"wp:featuredmedia":[{"embeddable":true,"href":"https:\/\/estilodevidaurbano.com.br\/blog\/wp-json\/wp\/v2\/media\/532"}],"wp:attachment":[{"href":"https:\/\/estilodevidaurbano.com.br\/blog\/wp-json\/wp\/v2\/media?parent=526"}],"wp:term":[{"taxonomy":"category","embeddable":true,"href":"https:\/\/estilodevidaurbano.com.br\/blog\/wp-json\/wp\/v2\/categories?post=526"},{"taxonomy":"post_tag","embeddable":true,"href":"https:\/\/estilodevidaurbano.com.br\/blog\/wp-json\/wp\/v2\/tags?post=526"}],"curies":[{"name":"wp","href":"https:\/\/api.w.org\/{rel}","templated":true}]}}