{"id":550,"date":"2018-06-12T19:56:24","date_gmt":"2018-06-12T19:56:24","guid":{"rendered":"http:\/\/blog.estilodevidaurbano.com.br\/?p=550"},"modified":"2018-06-12T20:03:06","modified_gmt":"2018-06-12T20:03:06","slug":"jantar-romantico-em-belem","status":"publish","type":"post","link":"https:\/\/estilodevidaurbano.com.br\/blog\/jantar-romantico-em-belem\/","title":{"rendered":"Os melhores restaurantes para um jantar rom\u00e2ntico em Bel\u00e9m"},"content":{"rendered":"<p style=\"text-align: justify;\"><span style=\"font-weight: 400;\">Quem est\u00e1, ou j\u00e1 esteve, em um relacionamento sabe: a escolha do cen\u00e1rio para estar a dois pode fazer toda a diferen\u00e7a! <\/span><\/p>\n<p style=\"text-align: justify;\"><span style=\"font-weight: 400;\">Falando sobre <\/span><b>restaurantes<\/b><span style=\"font-weight: 400;\">, n\u00e3o s\u00e3o apenas boas comidas e bebidas que contam. V\u00e1rios detalhes precisam ser considerados, desde o <\/span><b>aconchego do ambiente<\/b><span style=\"font-weight: 400;\"> at\u00e9 o <\/span><b>atendimento e a localiza\u00e7\u00e3o<\/b><span style=\"font-weight: 400;\">.<\/span><\/p>\n<p style=\"text-align: justify;\"><span style=\"font-weight: 400;\">E, com o Dia dos Namorados pr\u00f3ximo, nada como conhecer os<\/span><b> melhores restaurantes rom\u00e2nticos de Bel\u00e9m do Par\u00e1<\/b><span style=\"font-weight: 400;\">! \u00a0<\/span><\/p>\n<h3 style=\"text-align: left;\">Manjar das Gar\u00e7as<\/h3>\n<p><img loading=\"lazy\" decoding=\"async\" class=\"aligncenter size-md wp-image-552\" src=\"http:\/\/blog.estilodevidaurbano.com.br\/wp-content\/uploads\/2018\/06\/restaurantes-rom\u00e2ntico-bel\u00e9m-2-720x306.jpg\" alt=\"jantar-romantico-2\" width=\"720\" height=\"306\" srcset=\"https:\/\/estilodevidaurbano.com.br\/blog\/wp-content\/uploads\/2018\/06\/restaurantes-rom\u00e2ntico-bel\u00e9m-2-720x306.jpg 720w, https:\/\/estilodevidaurbano.com.br\/blog\/wp-content\/uploads\/2018\/06\/restaurantes-rom\u00e2ntico-bel\u00e9m-2-300x128.jpg 300w, https:\/\/estilodevidaurbano.com.br\/blog\/wp-content\/uploads\/2018\/06\/restaurantes-rom\u00e2ntico-bel\u00e9m-2-768x327.jpg 768w, https:\/\/estilodevidaurbano.com.br\/blog\/wp-content\/uploads\/2018\/06\/restaurantes-rom\u00e2ntico-bel\u00e9m-2.jpg 940w\" sizes=\"auto, (max-width: 720px) 100vw, 720px\" \/><\/p>\n<p style=\"text-align: justify;\"><span style=\"font-weight: 400;\">Essa op\u00e7\u00e3o \u00e9 para quem procura pela<\/span><b> paisagem perfeita<\/b><span style=\"font-weight: 400;\">! \u00c0s margens do <\/span><b>Rio Guam\u00e1<\/b><span style=\"font-weight: 400;\">, o restaurante <\/span><a href=\"http:\/\/www.manjardasgarcas.com.br\/\"><b>Manjar das Gar\u00e7as<\/b><\/a><span style=\"font-weight: 400;\"> \u00e9 um cen\u00e1rio exuberante. Num<\/span><span style=\"font-weight: 400;\"> recanto de aves e vegeta\u00e7\u00e3o, o lugar traz uma cozinha de vigor criativo e <\/span><b>alta gastronomia<\/b><span style=\"font-weight: 400;\">. <\/span><\/p>\n<p style=\"text-align: justify;\"><span style=\"font-weight: 400;\">A arquitetura em madeira e o verde do<\/span> <span style=\"font-weight: 400;\">entorno trazem uma sensa\u00e7\u00e3o de paz e tranquilidade. Ideal para estar na companhia da pessoa especial!<\/span><\/p>\n<p style=\"text-align: justify;\"><span style=\"font-weight: 400;\">Al\u00e9m disso, o <\/span><b>restaurante<\/b><span style=\"font-weight: 400;\"> \u00e9 uma <\/span><span style=\"font-weight: 400;\">mistura do r\u00fastico ao sofistica\u00e7\u00e3o: est\u00e1 em meio ao<\/span> <b>Mangal das Gar\u00e7as <\/b><span style=\"font-weight: 400;\">e possui <\/span><i><span style=\"font-weight: 400;\">chefs <\/span><\/i><span style=\"font-weight: 400;\">de padr\u00e3o internacional. Na gastronomia feita por l\u00e1, muitos frutos do mar, saladas e comida t\u00edpica da regi\u00e3o. <\/span><\/p>\n<p style=\"text-align: justify;\"><span style=\"font-weight: 400;\">H\u00e1 tamb\u00e9m uma bela <\/span><b>carta de vinhos<\/b><span style=\"font-weight: 400;\"> para harmonizar com os pratos. Vale muito a pena conferir.<\/span><\/p>\n<p style=\"text-align: justify;\"><b>Endere\u00e7o<\/b><span style=\"font-weight: 400;\">: Rua. Dr. Assis, s\/n &#8211; Cidade Velha.<\/span><\/p>\n<h3 style=\"text-align: left;\">Sushi Ruy Barbosa<\/h3>\n<p><img loading=\"lazy\" decoding=\"async\" class=\"aligncenter size-md wp-image-553\" src=\"http:\/\/blog.estilodevidaurbano.com.br\/wp-content\/uploads\/2018\/06\/restaurantes-rom\u00e2ntico-bel\u00e9m-3-720x480.jpg\" alt=\"jantar-romantico-3\" width=\"720\" height=\"480\" srcset=\"https:\/\/estilodevidaurbano.com.br\/blog\/wp-content\/uploads\/2018\/06\/restaurantes-rom\u00e2ntico-bel\u00e9m-3-720x480.jpg 720w, https:\/\/estilodevidaurbano.com.br\/blog\/wp-content\/uploads\/2018\/06\/restaurantes-rom\u00e2ntico-bel\u00e9m-3-300x200.jpg 300w, https:\/\/estilodevidaurbano.com.br\/blog\/wp-content\/uploads\/2018\/06\/restaurantes-rom\u00e2ntico-bel\u00e9m-3-768x512.jpg 768w, https:\/\/estilodevidaurbano.com.br\/blog\/wp-content\/uploads\/2018\/06\/restaurantes-rom\u00e2ntico-bel\u00e9m-3-1024x682.jpg 1024w, https:\/\/estilodevidaurbano.com.br\/blog\/wp-content\/uploads\/2018\/06\/restaurantes-rom\u00e2ntico-bel\u00e9m-3.jpg 1600w\" sizes=\"auto, (max-width: 720px) 100vw, 720px\" \/><\/p>\n<p style=\"text-align: justify;\"><span style=\"font-weight: 400;\">A chegada ao <\/span><a href=\"http:\/\/www.sushiruybarbosa.com.br\/\"><b>Sushi Ruy Barbosa<\/b><\/a> <span style=\"font-weight: 400;\">n\u00e3o poderia ser mais convidativa, pois, logo na entrada, voc\u00ea \u00e9 recebido por uma parede viva de plantas amaz\u00f4nicas, cujo <\/span><i><span style=\"font-weight: 400;\">design<\/span><\/i><span style=\"font-weight: 400;\"> foi desenvolvido com apoio do <\/span><b>Museu Em\u00edlio Goeldi<\/b><span style=\"font-weight: 400;\">!<\/span><\/p>\n<p style=\"text-align: justify;\"><span style=\"font-weight: 400;\">O restaurante possui duas \u00e1reas \u2013 interna e de varanda \u2013 que constroem um ambiente elegante e aconchegante. O sal\u00e3o \u00e9 todo envidra\u00e7ado, crianado uma sintonia entre voc\u00ea, a natureza, as pessoas e os astros. <\/span><\/p>\n<p style=\"text-align: justify;\"><span style=\"font-weight: 400;\">O ambiente, por\u00e9m, \u00e9 apenas um dos muitos atrativos do lugar. A gastronomia \u00e9 espetacular ao combinar a <\/span><b>regionalidade paraense<\/b><span style=\"font-weight: 400;\"> aos melhores sabores internacionais \u2013 o que resulta numa experi\u00eancia culin\u00e1ria inigual\u00e1vel. Os sushis e sashimis utilizam peixes da regi\u00e3o, que s\u00e3o combinados de forma surpreendente a queijos, trufas, licores, tucupi e muitos outros sabores encontrados em Bel\u00e9m. Tudo isso \u00e9 brilhantemente harmonizado com as principais marcas mundiais, como <\/span><i><span style=\"font-weight: 400;\">Veuve Clicquot<\/span><\/i><span style=\"font-weight: 400;\">. N\u00e3o tem como recusar!<\/span><\/p>\n<p style=\"text-align: justify;\"><b>Endere\u00e7o: <\/b><span style=\"font-weight: 400;\">Travessa Rui Barbosa, 1816 \u2013 Batista Campos.<\/span><\/p>\n<h3 style=\"text-align: left;\">Remanso do Bosque<\/h3>\n<p><img loading=\"lazy\" decoding=\"async\" class=\"aligncenter size-full wp-image-555\" src=\"http:\/\/blog.estilodevidaurbano.com.br\/wp-content\/uploads\/2018\/06\/restaurantes-rom\u00e2ntico-bel\u00e9m-5.jpg\" alt=\"jantar-romantico-5\" width=\"620\" height=\"415\" srcset=\"https:\/\/estilodevidaurbano.com.br\/blog\/wp-content\/uploads\/2018\/06\/restaurantes-rom\u00e2ntico-bel\u00e9m-5.jpg 620w, https:\/\/estilodevidaurbano.com.br\/blog\/wp-content\/uploads\/2018\/06\/restaurantes-rom\u00e2ntico-bel\u00e9m-5-300x201.jpg 300w\" sizes=\"auto, (max-width: 620px) 100vw, 620px\" \/><\/p>\n<p style=\"text-align: justify;\"><span style=\"font-weight: 400;\">O <\/span><a href=\"about:blank\"><b>Remanso do Bosque<\/b><\/a><span style=\"font-weight: 400;\"> pertence aos renomados <\/span><i><span style=\"font-weight: 400;\">chefs<\/span><\/i><span style=\"font-weight: 400;\"> e irm\u00e3os <\/span><b>Felipe e Thiago Castanho<\/b><span style=\"font-weight: 400;\">. Com madeira escura no teto, que combina com as mesas de troncos, o restaurante traz o clima amaz\u00f4nico para seu o jantar. <\/span><\/p>\n<p style=\"text-align: justify;\"><span style=\"font-weight: 400;\">E n\u00e3o s\u00f3 na decora\u00e7\u00e3o! No card\u00e1pio, destacamos e deixamos como sugest\u00e3o as ostras gratinadas com creme de alho por\u00f3 e queijo marajo<\/span><span style=\"font-weight: 400;\">ara, o Lombo de Pescada Amarela assado no forno e o arroz, tucupi, castanha, jambu e temperos do Par\u00e1.<\/span><\/p>\n<p style=\"text-align: justify;\"><span style=\"font-weight: 400;\">O <\/span><b>Remanso do Bosque<\/b><span style=\"font-weight: 400;\"> j\u00e1 foi considerado o <\/span><b>44\u00ba melhor da Am\u00e9rica Latina,<\/b><span style=\"font-weight: 400;\"> na premia\u00e7\u00e3o <\/span><b><i>Latin America&#8217;s 50 Best Restaurants<\/i><\/b><span style=\"font-weight: 400;\">. Deu para ter uma ideia por qu\u00ea, n\u00e3o \u00e9 mesmo? Certamente voc\u00ea ter\u00e1 uma experi\u00eancia muito agrad\u00e1vel passando por l\u00e1 com a pessoa amada!<\/span><\/p>\n<p style=\"text-align: justify;\"><b>Endere\u00e7o<\/b><span style=\"font-weight: 400;\">: Av. R\u00f4mulo Maiorana, 2350 &#8211; Marco.<\/span><\/p>\n<p><img loading=\"lazy\" decoding=\"async\" class=\"aligncenter size-md wp-image-556\" src=\"http:\/\/blog.estilodevidaurbano.com.br\/wp-content\/uploads\/2018\/06\/restaurantes-rom\u00e2nticos-bel\u00e9m6-720x480.jpg\" alt=\"jantar-romantico-6\" width=\"720\" height=\"480\" srcset=\"https:\/\/estilodevidaurbano.com.br\/blog\/wp-content\/uploads\/2018\/06\/restaurantes-rom\u00e2nticos-bel\u00e9m6-720x480.jpg 720w, https:\/\/estilodevidaurbano.com.br\/blog\/wp-content\/uploads\/2018\/06\/restaurantes-rom\u00e2nticos-bel\u00e9m6-300x200.jpg 300w, https:\/\/estilodevidaurbano.com.br\/blog\/wp-content\/uploads\/2018\/06\/restaurantes-rom\u00e2nticos-bel\u00e9m6-768x512.jpg 768w, https:\/\/estilodevidaurbano.com.br\/blog\/wp-content\/uploads\/2018\/06\/restaurantes-rom\u00e2nticos-bel\u00e9m6-1024x683.jpg 1024w, https:\/\/estilodevidaurbano.com.br\/blog\/wp-content\/uploads\/2018\/06\/restaurantes-rom\u00e2nticos-bel\u00e9m6-1920x1280.jpg 1920w\" sizes=\"auto, (max-width: 720px) 100vw, 720px\" \/><\/p>\n<p style=\"text-align: left;\"><span style=\"font-weight: 400;\">Gostou das dicas? Conte para a gente nos coment\u00e1rios! Aproveite para escolher algum destes restaurantes para um\u00a0<strong>jantar rom\u00e2ntico<\/strong><\/span><span style=\"font-weight: 400;\">\u00a0neste Dia dos Namorados. <\/span><\/p>\n<p style=\"text-align: justify;\"><span style=\"font-weight: 400;\">Quer saber onde ter o seu im\u00f3vel para aproveitar o <\/span><b>melhor de Bel\u00e9m<\/b><span style=\"font-weight: 400;\">? Conte com a <\/span><b>Next<\/b><span style=\"font-weight: 400;\">. Entre em contato e conhe\u00e7a o <\/span><a href=\"http:\/\/estilodevidaurbano.com.br\/next-on-399\/\"><span style=\"font-weight: 400;\">Next On 399<\/span><\/a><span style=\"font-weight: 400;\">!<\/span><\/p>\n","protected":false},"excerpt":{"rendered":"<div class=\"post-excerpt\">Quem est\u00e1, ou j\u00e1 esteve, em um relacionamento sabe: a escolha do cen\u00e1rio para estar a dois pode fazer toda a diferen\u00e7a! Falando sobre restaurantes, n\u00e3o s\u00e3o apenas boas comidas&hellip;<\/div>\n<div class=\"post-more\"><a href=\"https:\/\/estilodevidaurbano.com.br\/blog\/jantar-romantico-em-belem\/\" class=\"btn btn-primary btn-effect btn-lg\"><span>Ver Post<\/span><span><i class=\"icon icon-arrow-right\"><\/i><\/span><\/a><\/div>\n","protected":false},"author":3,"featured_media":551,"comment_status":"open","ping_status":"open","sticky":false,"template":"","format":"image","meta":{"footnotes":""},"categories":[8],"tags":[125,126,128,124,127],"class_list":["post-550","post","type-post","status-publish","format-image","has-post-thumbnail","hentry","category-estilo-de-vida-next","tag-jantar-romantico","tag-manjar-das-garcas","tag-remanso-do-bosque","tag-restaurantes","tag-sushi-ruy-barbosa","post_format-post-format-image"],"_links":{"self":[{"href":"https:\/\/estilodevidaurbano.com.br\/blog\/wp-json\/wp\/v2\/posts\/550","targetHints":{"allow":["GET"]}}],"collection":[{"href":"https:\/\/estilodevidaurbano.com.br\/blog\/wp-json\/wp\/v2\/posts"}],"about":[{"href":"https:\/\/estilodevidaurbano.com.br\/blog\/wp-json\/wp\/v2\/types\/post"}],"author":[{"embeddable":true,"href":"https:\/\/estilodevidaurbano.com.br\/blog\/wp-json\/wp\/v2\/users\/3"}],"replies":[{"embeddable":true,"href":"https:\/\/estilodevidaurbano.com.br\/blog\/wp-json\/wp\/v2\/comments?post=550"}],"version-history":[{"count":4,"href":"https:\/\/estilodevidaurbano.com.br\/blog\/wp-json\/wp\/v2\/posts\/550\/revisions"}],"predecessor-version":[{"id":589,"href":"https:\/\/estilodevidaurbano.com.br\/blog\/wp-json\/wp\/v2\/posts\/550\/revisions\/589"}],"wp:featuredmedia":[{"embeddable":true,"href":"https:\/\/estilodevidaurbano.com.br\/blog\/wp-json\/wp\/v2\/media\/551"}],"wp:attachment":[{"href":"https:\/\/estilodevidaurbano.com.br\/blog\/wp-json\/wp\/v2\/media?parent=550"}],"wp:term":[{"taxonomy":"category","embeddable":true,"href":"https:\/\/estilodevidaurbano.com.br\/blog\/wp-json\/wp\/v2\/categories?post=550"},{"taxonomy":"post_tag","embeddable":true,"href":"https:\/\/estilodevidaurbano.com.br\/blog\/wp-json\/wp\/v2\/tags?post=550"}],"curies":[{"name":"wp","href":"https:\/\/api.w.org\/{rel}","templated":true}]}}