{"id":569,"date":"2019-01-28T14:46:44","date_gmt":"2019-01-28T14:46:44","guid":{"rendered":"http:\/\/blog.estilodevidaurbano.com.br\/?p=569"},"modified":"2019-02-22T15:28:19","modified_gmt":"2019-02-22T15:28:19","slug":"escolha-do-imovel-ideal-4-pontos-importantes","status":"publish","type":"post","link":"https:\/\/estilodevidaurbano.com.br\/blog\/escolha-do-imovel-ideal-4-pontos-importantes\/","title":{"rendered":"A escolha do im\u00f3vel ideal. 4 pontos importantes."},"content":{"rendered":"<p><img loading=\"lazy\" decoding=\"async\" class=\"aligncenter size-md wp-image-574\" src=\"http:\/\/blog.estilodevidaurbano.com.br\/wp-content\/uploads\/2019\/01\/planning-3536753_1920-720x480.jpg\" alt=\"\" width=\"720\" height=\"480\" srcset=\"https:\/\/estilodevidaurbano.com.br\/blog\/wp-content\/uploads\/2019\/01\/planning-3536753_1920-720x480.jpg 720w, https:\/\/estilodevidaurbano.com.br\/blog\/wp-content\/uploads\/2019\/01\/planning-3536753_1920-300x200.jpg 300w, https:\/\/estilodevidaurbano.com.br\/blog\/wp-content\/uploads\/2019\/01\/planning-3536753_1920-768x512.jpg 768w, https:\/\/estilodevidaurbano.com.br\/blog\/wp-content\/uploads\/2019\/01\/planning-3536753_1920-1024x683.jpg 1024w, https:\/\/estilodevidaurbano.com.br\/blog\/wp-content\/uploads\/2019\/01\/planning-3536753_1920.jpg 1920w\" sizes=\"auto, (max-width: 720px) 100vw, 720px\" \/>Comprar um apartamento para morar ou investir \u00e9 um grande passo na sua vida, e o processo de escolha do im\u00f3vel ideal deixa muitas d\u00favidas e inseguran\u00e7as. Existem diversas listas falando sobre quais qualidades mais importantes a serem avaliadas na escolha do seu im\u00f3vel, mas para n\u00f3s, o mais importante est\u00e1 em como voc\u00ea se relaciona com ele. Para ajudar voc\u00ea a escolher a melhor op\u00e7\u00e3o, listamos nossos 4 pontos importantes na escolha do im\u00f3vel ideal.<\/p>\n<ul>\n<li>Localiza\u00e7\u00e3o<\/li>\n<\/ul>\n<p>De fato a localiza\u00e7\u00e3o \u00e9 um dos pontos mais importantes, mas a melhor localiza\u00e7\u00e3o n\u00e3o \u00e9 a mais nobre nem a mais afastada do centro da cidade. A melhor \u00e9 a que lhe atende bem, que gera bem estar, e qualidade de vida para voc\u00ea e sua fam\u00edlia. Voc\u00ea mora, estuda ou trabalha pr\u00f3ximo ? <a href=\"http:\/\/blog.estilodevidaurbano.com.br\/batista-campos-belem\/\">Existem farm\u00e1cias, escolas, supermercados, hospitais, padarias, e locais de lazer para voc\u00ea e sua fam\u00edlia\u00a0no entorno do im\u00f3vel<\/a>?. Isso ir\u00e1 facilitar o seu dia-a-dia e valorizar seu im\u00f3vel.<\/p>\n<ul>\n<li>Tamanho Ideal<\/li>\n<\/ul>\n<p>Para escolher o tamanho ideal do apartamento para sua fam\u00edlia pense a m\u00e9dio e longo prazo, pois agora ela pode ser pequena e voc\u00ea pensa em aumenta-la daqui h\u00e1 um tempo ou, no momento, sua fam\u00edlia pode ser grande mas seus filhos j\u00e1 est\u00e3o saindo de casa para estudar fora, ent\u00e3o, um apartamento com duas su\u00edtes amplas seria perfeito.<\/p>\n<p>Mas pode ser que seja apenas um casal, que recebe v\u00e1rios amigos em casa. Ent\u00e3o o ideal seria ter uma sacada gourmet confort\u00e1vel integrada com a sala e um lavabo para os visitantes. Ou, voc\u00ea pode trabalhar em casa e prefere priorizar um espa\u00e7o no apartamento para fazer um &#8220;Home Office&#8221;.\u00a0Analise todos os tamanhos, op\u00e7\u00f5es de planta e facilidades que o apartamento dar\u00e1 para voc\u00ea.<\/p>\n<p>Importante tamb\u00e9m \u00e9 verificar a <a href=\"http:\/\/blog.estilodevidaurbano.com.br\/arquitetura-criativa-next\/\">flexibilidade das plantas<\/a> no caso de precisar de uma reforma. Muitos im\u00f3veis possuem diversos pilares o que dificulta e \u00e0s vezes inviabiliza a reforma que voc\u00ea precisa.<\/p>\n<ul>\n<li>O im\u00f3vel tem que se adequar ao seu estilo de vida<\/li>\n<\/ul>\n<p>Analise o que \u00e9 indispens\u00e1vel para voc\u00ea ter em um apartamento, quais s\u00e3o as facilidades e os diferenciais que o im\u00f3vel deve possuir para voc\u00ea se sentir o mais confort\u00e1vel poss\u00edvel?\u00a0Automa\u00e7\u00e3o, aquecimento da \u00e1gua atrav\u00e9s de sistema de g\u00e1s, gerador, pr\u00e9dio com cabeamento pronto para internet de alta velocidade, piscina, academia, etc. S\u00e3o algumas comodidades que tornam o seu tempo muito mais prazeroso no seu apartamento. Lembre que pelo menos \u2153 da sua vida ser\u00e1 dentro de sua casa, ent\u00e3o quanto maior for o conforto e quanto mais ela se parecer com voc\u00ea, mai prazeroso ser\u00e1.<a href=\"http:\/\/blog.estilodevidaurbano.com.br\/arquitetura-personalizada-next\/\">Procure \u00a0um im\u00f3vel que seja \u00fanico<\/a>, constru\u00eddo da forma que voc\u00ea sonhou, completamente funcional para voc\u00ea e para sua fam\u00edlia.<\/p>\n<ul>\n<li>Valoriza\u00e7\u00e3o do im\u00f3vel<\/li>\n<\/ul>\n<p>O im\u00f3vel tamb\u00e9m \u00e9 um investimento, ent\u00e3o n\u00e3o podemos deixar de pensar na valoriza\u00e7\u00e3o. \u00c9 importante encontrar um im\u00f3vel que tenha diferenciais verdadeiros, novos atributos s\u00e3o muito valorizados no mercado estar\u00e3o em muito empreendimentos dentro de poucos anos, como \u00e9 o caso da <a href=\"http:\/\/blog.estilodevidaurbano.com.br\/automacao-residencial\/\">automa\u00e7\u00e3o<\/a>, aquecimento a g\u00e1s e do cabeamento para internet de alta velocidade. Al\u00e9m disso o design \u00e9 fundamental, veja no mercado que os empreendimentos mais valorizados s\u00e3o os que foram extremamente vanguardistas na \u00e9poca de lan\u00e7amento.Lembre que em alguns anos ao negociar seu im\u00f3vel para venda ou loca\u00e7\u00e3o estes atributos ser\u00e3o muito valorizados.<\/p>\n<p>Fique atento a esses pontos durante o seu processo de escolha e n\u00e3o esque\u00e7a de comparar os valores dos im\u00f3veis, sempre levando em conta todas as facilidades e diferenciais que agregam valor no apartamento e, principalmente, na sua vida.<\/p>\n<p>&nbsp;<\/p>\n","protected":false},"excerpt":{"rendered":"<div class=\"post-excerpt\">Comprar um apartamento para morar ou investir \u00e9 um grande passo na sua vida, e o processo de escolha do im\u00f3vel ideal deixa muitas d\u00favidas e inseguran\u00e7as. Existem diversas listas&hellip;<\/div>\n<div class=\"post-more\"><a href=\"https:\/\/estilodevidaurbano.com.br\/blog\/escolha-do-imovel-ideal-4-pontos-importantes\/\" class=\"btn btn-primary btn-effect btn-lg\"><span>Ver Post<\/span><span><i class=\"icon icon-arrow-right\"><\/i><\/span><\/a><\/div>\n","protected":false},"author":3,"featured_media":574,"comment_status":"open","ping_status":"open","sticky":false,"template":"","format":"standard","meta":{"footnotes":""},"categories":[8,1],"tags":[95,39,51,84,35,105,90,27],"class_list":["post-569","post","type-post","status-publish","format-standard","has-post-thumbnail","hentry","category-estilo-de-vida-next","category-uncategorized","tag-arquitetura-personalizada","tag-bairro-batista-campos","tag-estilo-de-vida-urbano","tag-melhor-bairro","tag-melhor-bairro-para-morar-em-belem","tag-next-on-399","tag-personalizacao","tag-qualidade-de-vida"],"_links":{"self":[{"href":"https:\/\/estilodevidaurbano.com.br\/blog\/wp-json\/wp\/v2\/posts\/569","targetHints":{"allow":["GET"]}}],"collection":[{"href":"https:\/\/estilodevidaurbano.com.br\/blog\/wp-json\/wp\/v2\/posts"}],"about":[{"href":"https:\/\/estilodevidaurbano.com.br\/blog\/wp-json\/wp\/v2\/types\/post"}],"author":[{"embeddable":true,"href":"https:\/\/estilodevidaurbano.com.br\/blog\/wp-json\/wp\/v2\/users\/3"}],"replies":[{"embeddable":true,"href":"https:\/\/estilodevidaurbano.com.br\/blog\/wp-json\/wp\/v2\/comments?post=569"}],"version-history":[{"count":4,"href":"https:\/\/estilodevidaurbano.com.br\/blog\/wp-json\/wp\/v2\/posts\/569\/revisions"}],"predecessor-version":[{"id":576,"href":"https:\/\/estilodevidaurbano.com.br\/blog\/wp-json\/wp\/v2\/posts\/569\/revisions\/576"}],"wp:featuredmedia":[{"embeddable":true,"href":"https:\/\/estilodevidaurbano.com.br\/blog\/wp-json\/wp\/v2\/media\/574"}],"wp:attachment":[{"href":"https:\/\/estilodevidaurbano.com.br\/blog\/wp-json\/wp\/v2\/media?parent=569"}],"wp:term":[{"taxonomy":"category","embeddable":true,"href":"https:\/\/estilodevidaurbano.com.br\/blog\/wp-json\/wp\/v2\/categories?post=569"},{"taxonomy":"post_tag","embeddable":true,"href":"https:\/\/estilodevidaurbano.com.br\/blog\/wp-json\/wp\/v2\/tags?post=569"}],"curies":[{"name":"wp","href":"https:\/\/api.w.org\/{rel}","templated":true}]}}